{"id":1139,"date":"2016-02-17T23:17:00","date_gmt":"2016-02-17T22:17:00","guid":{"rendered":"https:\/\/www.colegiosanfelix.com\/web\/?p=1139"},"modified":"2016-02-18T00:29:49","modified_gmt":"2016-02-17T23:29:49","slug":"dia-de-la-pizza","status":"publish","type":"post","link":"https:\/\/www.colegiosanfelix.com\/web\/index.php\/2016\/02\/17\/dia-de-la-pizza\/","title":{"rendered":"D\u00eda de la Pizza"},"content":{"rendered":"<p>Hoy celebramos el d\u00eda de la Pizza. Las familias de los alumn@s de tercero y quinto de primaria aportaron las pizzas que se vendieron durante el recreo. Los fondos se destinar\u00e1n a costear los viajes de inmersi\u00f3n ling\u00fcsitica y de estudios. Gracias a todos por colaborar.<\/p>\n<p>&nbsp;<\/p>\n<p><a href=\"https:\/\/www.colegiosanfelix.com\/web\/wp-content\/uploads\/2016\/02\/definitiva.jpg\" rel=\"attachment wp-att-1140\" data-rel=\"lightbox-image-0\" data-rl_title=\"\" data-rl_caption=\"\" title=\"\"><img decoding=\"async\" class=\"alignnone size-full wp-image-1140\" src=\"https:\/\/www.colegiosanfelix.com\/web\/wp-content\/uploads\/2016\/02\/definitiva.jpg\" alt=\"definitiva\" width=\"720\" height=\"340\" srcset=\"https:\/\/www.colegiosanfelix.com\/web\/wp-content\/uploads\/2016\/02\/definitiva.jpg 720w, https:\/\/www.colegiosanfelix.com\/web\/wp-content\/uploads\/2016\/02\/definitiva-300x142.jpg 300w, https:\/\/www.colegiosanfelix.com\/web\/wp-content\/uploads\/2016\/02\/definitiva-520x245.jpg 520w\" sizes=\"(max-width: 720px) 100vw, 720px\" \/><\/a><\/p>\n","protected":false},"excerpt":{"rendered":"<p>Hoy celebramos el d\u00eda de la Pizza. Las familias de los alumn@s de tercero y quinto de primaria aportaron las pizzas que se vendieron durante el recreo. Los fondos se destinar\u00e1n a costear los viajes&#46;&#46;&#46;<\/p>\n","protected":false},"author":2,"featured_media":1140,"comment_status":"open","ping_status":"closed","sticky":false,"template":"","format":"standard","meta":{"footnotes":""},"categories":[7],"tags":[169],"class_list":["post-1139","post","type-post","status-publish","format-standard","has-post-thumbnail","hentry","category-noticias","tag-actividades-diversas"],"_links":{"self":[{"href":"https:\/\/www.colegiosanfelix.com\/web\/index.php\/wp-json\/wp\/v2\/posts\/1139","targetHints":{"allow":["GET"]}}],"collection":[{"href":"https:\/\/www.colegiosanfelix.com\/web\/index.php\/wp-json\/wp\/v2\/posts"}],"about":[{"href":"https:\/\/www.colegiosanfelix.com\/web\/index.php\/wp-json\/wp\/v2\/types\/post"}],"author":[{"embeddable":true,"href":"https:\/\/www.colegiosanfelix.com\/web\/index.php\/wp-json\/wp\/v2\/users\/2"}],"replies":[{"embeddable":true,"href":"https:\/\/www.colegiosanfelix.com\/web\/index.php\/wp-json\/wp\/v2\/comments?post=1139"}],"version-history":[{"count":0,"href":"https:\/\/www.colegiosanfelix.com\/web\/index.php\/wp-json\/wp\/v2\/posts\/1139\/revisions"}],"wp:featuredmedia":[{"embeddable":true,"href":"https:\/\/www.colegiosanfelix.com\/web\/index.php\/wp-json\/wp\/v2\/media\/1140"}],"wp:attachment":[{"href":"https:\/\/www.colegiosanfelix.com\/web\/index.php\/wp-json\/wp\/v2\/media?parent=1139"}],"wp:term":[{"taxonomy":"category","embeddable":true,"href":"https:\/\/www.colegiosanfelix.com\/web\/index.php\/wp-json\/wp\/v2\/categories?post=1139"},{"taxonomy":"post_tag","embeddable":true,"href":"https:\/\/www.colegiosanfelix.com\/web\/index.php\/wp-json\/wp\/v2\/tags?post=1139"}],"curies":[{"name":"wp","href":"https:\/\/api.w.org\/{rel}","templated":true}]}}