{"id":1145,"date":"2016-02-18T00:28:27","date_gmt":"2016-02-17T23:28:27","guid":{"rendered":"https:\/\/www.colegiosanfelix.com\/web\/?p=1145"},"modified":"2016-04-22T09:03:19","modified_gmt":"2016-04-22T08:03:19","slug":"estos-alumnos-tienen-una-buena-berza","status":"publish","type":"post","link":"https:\/\/www.colegiosanfelix.com\/web\/index.php\/2016\/02\/18\/estos-alumnos-tienen-una-buena-berza\/","title":{"rendered":"Estos alumnos tienen una buena berza"},"content":{"rendered":"<p>El pasado martes, aprovechando un peque\u00f1o respiro que nos dio el tiempo lluvioso del mes de febrero, hemos preparado sitio en el huerto con doce plantas de berza. La berza es una especie bastante resistente que adquiere una altura considerable. S\u00f3lo precisa de algo de luz y\u00a0un suelo h\u00famedo, \u00a0algo que est\u00e1\u00a0garantizado en nuestro huerto.<\/p>\n<div id=\"attachment_1147\" style=\"width: 347px\" class=\"wp-caption aligncenter\"><img decoding=\"async\" aria-describedby=\"caption-attachment-1147\" class=\"wp-image-1147 size-full\" src=\"https:\/\/www.colegiosanfelix.com\/web\/wp-content\/uploads\/2016\/02\/plantando-2.jpg\" alt=\"plantando (2)\" width=\"337\" height=\"599\" srcset=\"https:\/\/www.colegiosanfelix.com\/web\/wp-content\/uploads\/2016\/02\/plantando-2.jpg 337w, https:\/\/www.colegiosanfelix.com\/web\/wp-content\/uploads\/2016\/02\/plantando-2-169x300.jpg 169w\" sizes=\"(max-width: 337px) 100vw, 337px\" \/><p id=\"caption-attachment-1147\" class=\"wp-caption-text\">Hugo y Enol preparando el terreno<\/p><\/div>\n<p>El equipo trabaj\u00f3 de lo lindo con esta plantaci\u00f3n que es la primera del a\u00f1o. Ahora esperamos ser afortunados y que los caracoles no visiten el huerto con frecuencia. Como sab\u00e9is, no utilizamos fertilizantes ni pesticidas\/plaguicidas, con lo cual la salubridad de nuestro cultivo est\u00e1 garantizada. Por otro lado, no contaminamos el entorno ni ponemos en riesgo<a href=\"https:\/\/es.wikipedia.org\/wiki\/Cadena_tr%C3%B3fica#\/media\/File:FoodChain.svg\"> la cadena tr\u00f3fica\u00a0<\/a>.<\/p>\n","protected":false},"excerpt":{"rendered":"<p>A pesar de que el terreno a\u00fan est\u00e1 un poco h\u00famedo ya ten\u00edamos ganas de comenzar la primera plantaci\u00f3n del 2016. Si quieres leer m\u00e1s, haz click sobre la imagen.<\/p>\n","protected":false},"author":1,"featured_media":1146,"comment_status":"open","ping_status":"closed","sticky":false,"template":"","format":"standard","meta":{"footnotes":""},"categories":[15],"tags":[170,171,114],"class_list":["post-1145","post","type-post","status-publish","format-standard","has-post-thumbnail","hentry","category-proyecto-ambiental","tag-berza","tag-febrero","tag-huerto"],"_links":{"self":[{"href":"https:\/\/www.colegiosanfelix.com\/web\/index.php\/wp-json\/wp\/v2\/posts\/1145","targetHints":{"allow":["GET"]}}],"collection":[{"href":"https:\/\/www.colegiosanfelix.com\/web\/index.php\/wp-json\/wp\/v2\/posts"}],"about":[{"href":"https:\/\/www.colegiosanfelix.com\/web\/index.php\/wp-json\/wp\/v2\/types\/post"}],"author":[{"embeddable":true,"href":"https:\/\/www.colegiosanfelix.com\/web\/index.php\/wp-json\/wp\/v2\/users\/1"}],"replies":[{"embeddable":true,"href":"https:\/\/www.colegiosanfelix.com\/web\/index.php\/wp-json\/wp\/v2\/comments?post=1145"}],"version-history":[{"count":0,"href":"https:\/\/www.colegiosanfelix.com\/web\/index.php\/wp-json\/wp\/v2\/posts\/1145\/revisions"}],"wp:featuredmedia":[{"embeddable":true,"href":"https:\/\/www.colegiosanfelix.com\/web\/index.php\/wp-json\/wp\/v2\/media\/1146"}],"wp:attachment":[{"href":"https:\/\/www.colegiosanfelix.com\/web\/index.php\/wp-json\/wp\/v2\/media?parent=1145"}],"wp:term":[{"taxonomy":"category","embeddable":true,"href":"https:\/\/www.colegiosanfelix.com\/web\/index.php\/wp-json\/wp\/v2\/categories?post=1145"},{"taxonomy":"post_tag","embeddable":true,"href":"https:\/\/www.colegiosanfelix.com\/web\/index.php\/wp-json\/wp\/v2\/tags?post=1145"}],"curies":[{"name":"wp","href":"https:\/\/api.w.org\/{rel}","templated":true}]}}