{"id":1401,"date":"2016-05-10T17:02:44","date_gmt":"2016-05-10T16:02:44","guid":{"rendered":"https:\/\/www.colegiosanfelix.com\/web\/?p=1401"},"modified":"2016-05-10T23:49:09","modified_gmt":"2016-05-10T22:49:09","slug":"sobre-el-incendio-en-alberta-canada","status":"publish","type":"post","link":"https:\/\/www.colegiosanfelix.com\/web\/index.php\/2016\/05\/10\/sobre-el-incendio-en-alberta-canada\/","title":{"rendered":"Sobre el incendio en Alberta, Canad\u00e1"},"content":{"rendered":"<p style=\"text-align: center\"><a href=\"https:\/\/www.colegiosanfelix.com\/web\/wp-content\/uploads\/2016\/05\/Incendio2.jpg\" target=\"_blank\" data-rel=\"lightbox-image-0\" data-rl_title=\"\" data-rl_caption=\"\" title=\"\"><img decoding=\"async\" class=\"alignnone wp-image-1431\" src=\"https:\/\/www.colegiosanfelix.com\/web\/wp-content\/uploads\/2016\/05\/Incendio2.jpg\" alt=\"Incendio2\" width=\"720\" height=\"523\" srcset=\"https:\/\/www.colegiosanfelix.com\/web\/wp-content\/uploads\/2016\/05\/Incendio2.jpg 1920w, https:\/\/www.colegiosanfelix.com\/web\/wp-content\/uploads\/2016\/05\/Incendio2-300x218.jpg 300w, https:\/\/www.colegiosanfelix.com\/web\/wp-content\/uploads\/2016\/05\/Incendio2-768x558.jpg 768w, https:\/\/www.colegiosanfelix.com\/web\/wp-content\/uploads\/2016\/05\/Incendio2-1024x744.jpg 1024w\" sizes=\"(max-width: 720px) 100vw, 720px\" \/><\/a><\/p>\n<p style=\"text-align: center\">A trav\u00e9s de E-Mail, hemos establecido contacto con nuestros amigos de Canad\u00e1 para interesarnos por la situaci\u00f3n que est\u00e1n viviendo.<\/p>\n<p style=\"text-align: center\">\n","protected":false},"excerpt":{"rendered":"<p>A trav\u00e9s de E-Mail, hemos establecido contacto con nuestros amigos de Canad\u00e1 para interesarnos por la situaci\u00f3n que est\u00e1n viviendo.<\/p>\n","protected":false},"author":2,"featured_media":1431,"comment_status":"open","ping_status":"closed","sticky":false,"template":"","format":"standard","meta":{"footnotes":""},"categories":[58],"tags":[],"class_list":["post-1401","post","type-post","status-publish","format-standard","has-post-thumbnail","hentry","category-proyecto-linguistico"],"_links":{"self":[{"href":"https:\/\/www.colegiosanfelix.com\/web\/index.php\/wp-json\/wp\/v2\/posts\/1401","targetHints":{"allow":["GET"]}}],"collection":[{"href":"https:\/\/www.colegiosanfelix.com\/web\/index.php\/wp-json\/wp\/v2\/posts"}],"about":[{"href":"https:\/\/www.colegiosanfelix.com\/web\/index.php\/wp-json\/wp\/v2\/types\/post"}],"author":[{"embeddable":true,"href":"https:\/\/www.colegiosanfelix.com\/web\/index.php\/wp-json\/wp\/v2\/users\/2"}],"replies":[{"embeddable":true,"href":"https:\/\/www.colegiosanfelix.com\/web\/index.php\/wp-json\/wp\/v2\/comments?post=1401"}],"version-history":[{"count":0,"href":"https:\/\/www.colegiosanfelix.com\/web\/index.php\/wp-json\/wp\/v2\/posts\/1401\/revisions"}],"wp:featuredmedia":[{"embeddable":true,"href":"https:\/\/www.colegiosanfelix.com\/web\/index.php\/wp-json\/wp\/v2\/media\/1431"}],"wp:attachment":[{"href":"https:\/\/www.colegiosanfelix.com\/web\/index.php\/wp-json\/wp\/v2\/media?parent=1401"}],"wp:term":[{"taxonomy":"category","embeddable":true,"href":"https:\/\/www.colegiosanfelix.com\/web\/index.php\/wp-json\/wp\/v2\/categories?post=1401"},{"taxonomy":"post_tag","embeddable":true,"href":"https:\/\/www.colegiosanfelix.com\/web\/index.php\/wp-json\/wp\/v2\/tags?post=1401"}],"curies":[{"name":"wp","href":"https:\/\/api.w.org\/{rel}","templated":true}]}}