{"id":1539,"date":"2016-06-05T22:53:23","date_gmt":"2016-06-05T21:53:23","guid":{"rendered":"https:\/\/www.colegiosanfelix.com\/web\/?p=1539"},"modified":"2016-06-24T10:41:11","modified_gmt":"2016-06-24T09:41:11","slug":"inmersion-linguistica-en-sabero-leon","status":"publish","type":"post","link":"https:\/\/www.colegiosanfelix.com\/web\/index.php\/2016\/06\/05\/inmersion-linguistica-en-sabero-leon\/","title":{"rendered":"Inmersi\u00f3n ling\u00fc\u00edstica en Sabero, Le\u00f3n"},"content":{"rendered":"\n\t\t<style>\n\t\t\t#gallery-1 {\n\t\t\t\tmargin: auto;\n\t\t\t}\n\t\t\t#gallery-1 .gallery-item {\n\t\t\t\tfloat: left;\n\t\t\t\tmargin-top: 10px;\n\t\t\t\ttext-align: center;\n\t\t\t\twidth: 25%;\n\t\t\t}\n\t\t\t#gallery-1 img {\n\t\t\t\tborder: 2px solid #cfcfcf;\n\t\t\t}\n\t\t\t#gallery-1 .gallery-caption {\n\t\t\t\tmargin-left: 0;\n\t\t\t}\n\t\t\t\/* see gallery_shortcode() in wp-includes\/media.php *\/\n\t\t<\/style>\n\t\t<div id='gallery-1' class='gallery galleryid-1539 gallery-columns-4 gallery-size-thumbnail'><dl class='gallery-item'>\n\t\t\t<dt class='gallery-icon landscape'>\n\t\t\t\t<a href='https:\/\/www.colegiosanfelix.com\/web\/wp-content\/uploads\/2016\/06\/01.jpg' title=\"\" data-rl_title=\"\" class=\"rl-gallery-link\" data-rl_caption=\"\" data-rel=\"lightbox-gallery-1\"><img decoding=\"async\" width=\"150\" height=\"150\" src=\"https:\/\/www.colegiosanfelix.com\/web\/wp-content\/uploads\/2016\/06\/01-150x150.jpg\" class=\"attachment-thumbnail size-thumbnail no-lazy\" alt=\"\" srcset=\"https:\/\/www.colegiosanfelix.com\/web\/wp-content\/uploads\/2016\/06\/01-150x150.jpg 150w, https:\/\/www.colegiosanfelix.com\/web\/wp-content\/uploads\/2016\/06\/01-160x160.jpg 160w, https:\/\/www.colegiosanfelix.com\/web\/wp-content\/uploads\/2016\/06\/01-320x320.jpg 320w\" sizes=\"(max-width: 150px) 100vw, 150px\" \/><\/a>\n\t\t\t<\/dt><\/dl><dl class='gallery-item'>\n\t\t\t<dt class='gallery-icon landscape'>\n\t\t\t\t<a href='https:\/\/www.colegiosanfelix.com\/web\/wp-content\/uploads\/2016\/06\/02.jpg' title=\"\" data-rl_title=\"\" class=\"rl-gallery-link\" data-rl_caption=\"\" data-rel=\"lightbox-gallery-1\"><img decoding=\"async\" width=\"150\" height=\"150\" src=\"https:\/\/www.colegiosanfelix.com\/web\/wp-content\/uploads\/2016\/06\/02-150x150.jpg\" class=\"attachment-thumbnail size-thumbnail no-lazy\" alt=\"\" srcset=\"https:\/\/www.colegiosanfelix.com\/web\/wp-content\/uploads\/2016\/06\/02-150x150.jpg 150w, https:\/\/www.colegiosanfelix.com\/web\/wp-content\/uploads\/2016\/06\/02-160x160.jpg 160w, https:\/\/www.colegiosanfelix.com\/web\/wp-content\/uploads\/2016\/06\/02-320x320.jpg 320w\" sizes=\"(max-width: 150px) 100vw, 150px\" \/><\/a>\n\t\t\t<\/dt><\/dl><dl class='gallery-item'>\n\t\t\t<dt class='gallery-icon landscape'>\n\t\t\t\t<a href='https:\/\/www.colegiosanfelix.com\/web\/wp-content\/uploads\/2016\/06\/03.jpg' title=\"\" data-rl_title=\"\" class=\"rl-gallery-link\" data-rl_caption=\"\" data-rel=\"lightbox-gallery-1\"><img decoding=\"async\" width=\"150\" height=\"150\" src=\"https:\/\/www.colegiosanfelix.com\/web\/wp-content\/uploads\/2016\/06\/03-150x150.jpg\" class=\"attachment-thumbnail size-thumbnail no-lazy\" alt=\"\" srcset=\"https:\/\/www.colegiosanfelix.com\/web\/wp-content\/uploads\/2016\/06\/03-150x150.jpg 150w, https:\/\/www.colegiosanfelix.com\/web\/wp-content\/uploads\/2016\/06\/03-160x160.jpg 160w, https:\/\/www.colegiosanfelix.com\/web\/wp-content\/uploads\/2016\/06\/03-320x320.jpg 320w\" sizes=\"(max-width: 150px) 100vw, 150px\" \/><\/a>\n\t\t\t<\/dt><\/dl><dl class='gallery-item'>\n\t\t\t<dt class='gallery-icon landscape'>\n\t\t\t\t<a href='https:\/\/www.colegiosanfelix.com\/web\/wp-content\/uploads\/2016\/06\/04.jpg' title=\"\" data-rl_title=\"\" class=\"rl-gallery-link\" data-rl_caption=\"\" data-rel=\"lightbox-gallery-1\"><img decoding=\"async\" width=\"150\" height=\"150\" src=\"https:\/\/www.colegiosanfelix.com\/web\/wp-content\/uploads\/2016\/06\/04-150x150.jpg\" class=\"attachment-thumbnail size-thumbnail no-lazy\" alt=\"\" srcset=\"https:\/\/www.colegiosanfelix.com\/web\/wp-content\/uploads\/2016\/06\/04-150x150.jpg 150w, https:\/\/www.colegiosanfelix.com\/web\/wp-content\/uploads\/2016\/06\/04-160x160.jpg 160w, https:\/\/www.colegiosanfelix.com\/web\/wp-content\/uploads\/2016\/06\/04-320x320.jpg 320w\" sizes=\"(max-width: 150px) 100vw, 150px\" \/><\/a>\n\t\t\t<\/dt><\/dl><br style=\"clear: both\" \/><dl class='gallery-item'>\n\t\t\t<dt class='gallery-icon landscape'>\n\t\t\t\t<a href='https:\/\/www.colegiosanfelix.com\/web\/wp-content\/uploads\/2016\/06\/05.jpg' title=\"\" data-rl_title=\"\" class=\"rl-gallery-link\" data-rl_caption=\"\" data-rel=\"lightbox-gallery-1\"><img decoding=\"async\" width=\"150\" height=\"150\" src=\"https:\/\/www.colegiosanfelix.com\/web\/wp-content\/uploads\/2016\/06\/05-150x150.jpg\" class=\"attachment-thumbnail size-thumbnail no-lazy\" alt=\"\" srcset=\"https:\/\/www.colegiosanfelix.com\/web\/wp-content\/uploads\/2016\/06\/05-150x150.jpg 150w, https:\/\/www.colegiosanfelix.com\/web\/wp-content\/uploads\/2016\/06\/05-160x160.jpg 160w, https:\/\/www.colegiosanfelix.com\/web\/wp-content\/uploads\/2016\/06\/05-320x320.jpg 320w\" sizes=\"(max-width: 150px) 100vw, 150px\" \/><\/a>\n\t\t\t<\/dt><\/dl><dl class='gallery-item'>\n\t\t\t<dt class='gallery-icon landscape'>\n\t\t\t\t<a href='https:\/\/www.colegiosanfelix.com\/web\/wp-content\/uploads\/2016\/06\/06.jpg' title=\"\" data-rl_title=\"\" class=\"rl-gallery-link\" data-rl_caption=\"\" data-rel=\"lightbox-gallery-1\"><img decoding=\"async\" width=\"150\" height=\"150\" src=\"https:\/\/www.colegiosanfelix.com\/web\/wp-content\/uploads\/2016\/06\/06-150x150.jpg\" class=\"attachment-thumbnail size-thumbnail no-lazy\" alt=\"\" srcset=\"https:\/\/www.colegiosanfelix.com\/web\/wp-content\/uploads\/2016\/06\/06-150x150.jpg 150w, https:\/\/www.colegiosanfelix.com\/web\/wp-content\/uploads\/2016\/06\/06-160x160.jpg 160w, https:\/\/www.colegiosanfelix.com\/web\/wp-content\/uploads\/2016\/06\/06-320x320.jpg 320w\" sizes=\"(max-width: 150px) 100vw, 150px\" \/><\/a>\n\t\t\t<\/dt><\/dl><dl class='gallery-item'>\n\t\t\t<dt class='gallery-icon portrait'>\n\t\t\t\t<a href='https:\/\/www.colegiosanfelix.com\/web\/wp-content\/uploads\/2016\/06\/07.jpg' title=\"\" data-rl_title=\"\" class=\"rl-gallery-link\" data-rl_caption=\"\" data-rel=\"lightbox-gallery-1\"><img decoding=\"async\" width=\"150\" height=\"150\" src=\"https:\/\/www.colegiosanfelix.com\/web\/wp-content\/uploads\/2016\/06\/07-150x150.jpg\" class=\"attachment-thumbnail size-thumbnail no-lazy\" alt=\"\" srcset=\"https:\/\/www.colegiosanfelix.com\/web\/wp-content\/uploads\/2016\/06\/07-150x150.jpg 150w, https:\/\/www.colegiosanfelix.com\/web\/wp-content\/uploads\/2016\/06\/07-160x160.jpg 160w, https:\/\/www.colegiosanfelix.com\/web\/wp-content\/uploads\/2016\/06\/07-320x320.jpg 320w\" sizes=\"(max-width: 150px) 100vw, 150px\" \/><\/a>\n\t\t\t<\/dt><\/dl><dl class='gallery-item'>\n\t\t\t<dt class='gallery-icon landscape'>\n\t\t\t\t<a href='https:\/\/www.colegiosanfelix.com\/web\/wp-content\/uploads\/2016\/06\/08.jpg' title=\"\" data-rl_title=\"\" class=\"rl-gallery-link\" data-rl_caption=\"\" data-rel=\"lightbox-gallery-1\"><img decoding=\"async\" width=\"150\" height=\"150\" src=\"https:\/\/www.colegiosanfelix.com\/web\/wp-content\/uploads\/2016\/06\/08-150x150.jpg\" class=\"attachment-thumbnail size-thumbnail no-lazy\" alt=\"\" srcset=\"https:\/\/www.colegiosanfelix.com\/web\/wp-content\/uploads\/2016\/06\/08-150x150.jpg 150w, https:\/\/www.colegiosanfelix.com\/web\/wp-content\/uploads\/2016\/06\/08-160x160.jpg 160w, https:\/\/www.colegiosanfelix.com\/web\/wp-content\/uploads\/2016\/06\/08-320x320.jpg 320w\" sizes=\"(max-width: 150px) 100vw, 150px\" \/><\/a>\n\t\t\t<\/dt><\/dl><br style=\"clear: both\" \/>\n\t\t<\/div>\n\n<p style=\"text-align: justify\">Un grupo de 50 alumnos, acompa\u00f1ados por miembros de la comunidad educativa del Colegio San F\u00e9lix, pasaron este\u00a0 fin de semana en el albergue de <strong>Calleja Adventure Camp<\/strong> en Sabero, Le\u00f3n. La experiencia ha supuesto la quinta edici\u00f3n de esta actividad de inmersion ling\u00fc\u00edstica en ingl\u00e9s.<\/p>\n","protected":false},"excerpt":{"rendered":"<p>Un grupo de 50 alumnos, acompa\u00f1ados por miembros de la comunidad educativa del Colegio San F\u00e9lix, pasaron este\u00a0 fin de semana en el albergue de Calleja Adventure Camp en Sabero, Le\u00f3n. La experiencia ha supuesto&#46;&#46;&#46;<\/p>\n","protected":false},"author":2,"featured_media":1554,"comment_status":"open","ping_status":"closed","sticky":false,"template":"","format":"gallery","meta":{"footnotes":""},"categories":[58,8],"tags":[30,67],"class_list":["post-1539","post","type-post","status-publish","format-gallery","has-post-thumbnail","hentry","category-proyecto-linguistico","category-proyectos","tag-convivencia","tag-english","post_format-post-format-gallery"],"_links":{"self":[{"href":"https:\/\/www.colegiosanfelix.com\/web\/index.php\/wp-json\/wp\/v2\/posts\/1539","targetHints":{"allow":["GET"]}}],"collection":[{"href":"https:\/\/www.colegiosanfelix.com\/web\/index.php\/wp-json\/wp\/v2\/posts"}],"about":[{"href":"https:\/\/www.colegiosanfelix.com\/web\/index.php\/wp-json\/wp\/v2\/types\/post"}],"author":[{"embeddable":true,"href":"https:\/\/www.colegiosanfelix.com\/web\/index.php\/wp-json\/wp\/v2\/users\/2"}],"replies":[{"embeddable":true,"href":"https:\/\/www.colegiosanfelix.com\/web\/index.php\/wp-json\/wp\/v2\/comments?post=1539"}],"version-history":[{"count":0,"href":"https:\/\/www.colegiosanfelix.com\/web\/index.php\/wp-json\/wp\/v2\/posts\/1539\/revisions"}],"wp:featuredmedia":[{"embeddable":true,"href":"https:\/\/www.colegiosanfelix.com\/web\/index.php\/wp-json\/wp\/v2\/media\/1554"}],"wp:attachment":[{"href":"https:\/\/www.colegiosanfelix.com\/web\/index.php\/wp-json\/wp\/v2\/media?parent=1539"}],"wp:term":[{"taxonomy":"category","embeddable":true,"href":"https:\/\/www.colegiosanfelix.com\/web\/index.php\/wp-json\/wp\/v2\/categories?post=1539"},{"taxonomy":"post_tag","embeddable":true,"href":"https:\/\/www.colegiosanfelix.com\/web\/index.php\/wp-json\/wp\/v2\/tags?post=1539"}],"curies":[{"name":"wp","href":"https:\/\/api.w.org\/{rel}","templated":true}]}}