{"id":1957,"date":"2016-11-03T00:03:24","date_gmt":"2016-11-02T23:03:24","guid":{"rendered":"https:\/\/www.colegiosanfelix.com\/web\/?p=1957"},"modified":"2016-11-04T00:22:36","modified_gmt":"2016-11-03T23:22:36","slug":"imagenes-del-maguestu-prehistorico","status":"publish","type":"post","link":"https:\/\/www.colegiosanfelix.com\/web\/index.php\/2016\/11\/03\/imagenes-del-maguestu-prehistorico\/","title":{"rendered":"Im\u00e1genes del Mag\u00fcestu Prehist\u00f3rico"},"content":{"rendered":"<p>Otro a\u00f1o m\u00e1s el Mag\u00fcestu deja buen sabor de boca en nuestra comunidad educativa. Los diferentes talleres relacionados principalmente con la tem\u00e1tica de la prehistoria y en concreto con los f\u00f3siles de Carre\u00f1o han resultado motivadores y divertidos para el alumnado. Esta cantidad de actividades habr\u00eda sido imposible que se desarrollase sin la labor altruista de un buen n\u00famero de personas. \u00a0Ser\u00eda muy largo enumerarlas, pero a todas ellas queremos reiterar nuestro agradecimiento por su labor divulgativa y cari\u00f1o.<\/p>\n<p>https:\/\/youtu.be\/yMD9Tmta-ic<\/p>\n<p>&nbsp;<\/p>\n<p>Si deseas ver m\u00e1s fotos, pincha para acceder a la\u00a0<a href=\"https:\/\/drive.google.com\/drive\/folders\/0B9AHKV2bk7zOZkRTd3kwNWtDT2c\">galer\u00eda de im\u00e1genes 1<\/a>, o para la\u00a0<a href=\"https:\/\/drive.google.com\/drive\/folders\/0BxIJFyazRsCFaTY4WHZPRWtFY3M?usp=sharing\">galer\u00eda de im\u00e1genes 2<\/a>.<\/p>\n","protected":false},"excerpt":{"rendered":"<p>Tanto si estuviste en el Mag\u00fcestu del San F\u00e9lix como si te lo has perdido, querr\u00e1s ver las im\u00e1genes de este d\u00eda tan intenso y diferente.<\/p>\n","protected":false},"author":1,"featured_media":1961,"comment_status":"open","ping_status":"closed","sticky":false,"template":"","format":"standard","meta":{"footnotes":""},"categories":[7],"tags":[79,48],"class_list":["post-1957","post","type-post","status-publish","format-standard","has-post-thumbnail","hentry","category-noticias","tag-maguestu","tag-prehistoria"],"_links":{"self":[{"href":"https:\/\/www.colegiosanfelix.com\/web\/index.php\/wp-json\/wp\/v2\/posts\/1957","targetHints":{"allow":["GET"]}}],"collection":[{"href":"https:\/\/www.colegiosanfelix.com\/web\/index.php\/wp-json\/wp\/v2\/posts"}],"about":[{"href":"https:\/\/www.colegiosanfelix.com\/web\/index.php\/wp-json\/wp\/v2\/types\/post"}],"author":[{"embeddable":true,"href":"https:\/\/www.colegiosanfelix.com\/web\/index.php\/wp-json\/wp\/v2\/users\/1"}],"replies":[{"embeddable":true,"href":"https:\/\/www.colegiosanfelix.com\/web\/index.php\/wp-json\/wp\/v2\/comments?post=1957"}],"version-history":[{"count":0,"href":"https:\/\/www.colegiosanfelix.com\/web\/index.php\/wp-json\/wp\/v2\/posts\/1957\/revisions"}],"wp:featuredmedia":[{"embeddable":true,"href":"https:\/\/www.colegiosanfelix.com\/web\/index.php\/wp-json\/wp\/v2\/media\/1961"}],"wp:attachment":[{"href":"https:\/\/www.colegiosanfelix.com\/web\/index.php\/wp-json\/wp\/v2\/media?parent=1957"}],"wp:term":[{"taxonomy":"category","embeddable":true,"href":"https:\/\/www.colegiosanfelix.com\/web\/index.php\/wp-json\/wp\/v2\/categories?post=1957"},{"taxonomy":"post_tag","embeddable":true,"href":"https:\/\/www.colegiosanfelix.com\/web\/index.php\/wp-json\/wp\/v2\/tags?post=1957"}],"curies":[{"name":"wp","href":"https:\/\/api.w.org\/{rel}","templated":true}]}}