{"id":1998,"date":"2016-12-01T00:27:32","date_gmt":"2016-11-30T23:27:32","guid":{"rendered":"https:\/\/www.colegiosanfelix.com\/web\/?p=1998"},"modified":"2016-12-01T00:28:47","modified_gmt":"2016-11-30T23:28:47","slug":"visita-formativa-a-lekeitio","status":"publish","type":"post","link":"https:\/\/www.colegiosanfelix.com\/web\/index.php\/2016\/12\/01\/visita-formativa-a-lekeitio\/","title":{"rendered":"Visita Formativa a Lekeitio"},"content":{"rendered":"<p>Dos de nuestras maestras se han desplazado el pasado viernes d\u00eda 25 a Lekeitio (Euskadi) para conocer otras din\u00e1micas de trabajo y metodolog\u00eda. En el cuaderno de bit\u00e1cora de AL podemos ver un detallado resumen de la enriquecedora experiencia. Os dejamos el enlace:<\/p>\n<blockquote class=\"wp-embedded-content\" data-secret=\"1gNMrHwHps\"><p><a href=\"https:\/\/www.aulastic.com\/blogs2\/charramos\/visita-al-cp-de-lekeitio\/\">Visita al CP de Lekeitio<\/a><\/p><\/blockquote>\n<p><iframe class=\"wp-embedded-content\" sandbox=\"allow-scripts\" security=\"restricted\" style=\"position: absolute; visibility: hidden;\" title=\"\u00abVisita al CP de Lekeitio\u00bb \u2014 CHARRAMOS\" src=\"https:\/\/www.aulastic.com\/blogs2\/charramos\/visita-al-cp-de-lekeitio\/embed\/#?secret=1gNMrHwHps\" data-secret=\"1gNMrHwHps\" width=\"500\" height=\"282\" frameborder=\"0\" marginwidth=\"0\" marginheight=\"0\" scrolling=\"no\"><\/iframe><\/p>\n<p>&nbsp;<\/p>\n","protected":false},"excerpt":{"rendered":"<p>Os enlazamos la visita profesional de dos compa\u00f1eras a una escuela de Euskadi. Si os interesa conocer lo que son las Comunidades Cooperativas, echad un ojo a esta entrada.<\/p>\n","protected":false},"author":1,"featured_media":2000,"comment_status":"open","ping_status":"closed","sticky":false,"template":"","format":"standard","meta":{"footnotes":""},"categories":[7],"tags":[247,173,245,246],"class_list":["post-1998","post","type-post","status-publish","format-standard","has-post-thumbnail","hentry","category-noticias","tag-comunidades-cooperativas","tag-cpr","tag-formacion","tag-lekeitio"],"_links":{"self":[{"href":"https:\/\/www.colegiosanfelix.com\/web\/index.php\/wp-json\/wp\/v2\/posts\/1998","targetHints":{"allow":["GET"]}}],"collection":[{"href":"https:\/\/www.colegiosanfelix.com\/web\/index.php\/wp-json\/wp\/v2\/posts"}],"about":[{"href":"https:\/\/www.colegiosanfelix.com\/web\/index.php\/wp-json\/wp\/v2\/types\/post"}],"author":[{"embeddable":true,"href":"https:\/\/www.colegiosanfelix.com\/web\/index.php\/wp-json\/wp\/v2\/users\/1"}],"replies":[{"embeddable":true,"href":"https:\/\/www.colegiosanfelix.com\/web\/index.php\/wp-json\/wp\/v2\/comments?post=1998"}],"version-history":[{"count":0,"href":"https:\/\/www.colegiosanfelix.com\/web\/index.php\/wp-json\/wp\/v2\/posts\/1998\/revisions"}],"wp:featuredmedia":[{"embeddable":true,"href":"https:\/\/www.colegiosanfelix.com\/web\/index.php\/wp-json\/wp\/v2\/media\/2000"}],"wp:attachment":[{"href":"https:\/\/www.colegiosanfelix.com\/web\/index.php\/wp-json\/wp\/v2\/media?parent=1998"}],"wp:term":[{"taxonomy":"category","embeddable":true,"href":"https:\/\/www.colegiosanfelix.com\/web\/index.php\/wp-json\/wp\/v2\/categories?post=1998"},{"taxonomy":"post_tag","embeddable":true,"href":"https:\/\/www.colegiosanfelix.com\/web\/index.php\/wp-json\/wp\/v2\/tags?post=1998"}],"curies":[{"name":"wp","href":"https:\/\/api.w.org\/{rel}","templated":true}]}}