{"id":2115,"date":"2017-02-07T21:09:31","date_gmt":"2017-02-07T20:09:31","guid":{"rendered":"https:\/\/www.colegiosanfelix.com\/web\/?p=2115"},"modified":"2017-11-22T10:46:01","modified_gmt":"2017-11-22T09:46:01","slug":"el-san-felix-huele-a-flores","status":"publish","type":"post","link":"https:\/\/www.colegiosanfelix.com\/web\/index.php\/2017\/02\/07\/el-san-felix-huele-a-flores\/","title":{"rendered":"El San F\u00e9lix Huele a Flores"},"content":{"rendered":"\n\t\t<style>\n\t\t\t#gallery-1 {\n\t\t\t\tmargin: auto;\n\t\t\t}\n\t\t\t#gallery-1 .gallery-item {\n\t\t\t\tfloat: left;\n\t\t\t\tmargin-top: 10px;\n\t\t\t\ttext-align: center;\n\t\t\t\twidth: 33%;\n\t\t\t}\n\t\t\t#gallery-1 img {\n\t\t\t\tborder: 2px solid #cfcfcf;\n\t\t\t}\n\t\t\t#gallery-1 .gallery-caption {\n\t\t\t\tmargin-left: 0;\n\t\t\t}\n\t\t\t\/* see gallery_shortcode() in wp-includes\/media.php *\/\n\t\t<\/style>\n\t\t<div id='gallery-1' class='gallery galleryid-2115 gallery-columns-3 gallery-size-thumbnail'><dl class='gallery-item'>\n\t\t\t<dt class='gallery-icon landscape'>\n\t\t\t\t<a href='https:\/\/www.colegiosanfelix.com\/web\/wp-content\/uploads\/2017\/02\/foto-lne-1-e1486498388513.jpg' title=\"\" data-rl_title=\"\" class=\"rl-gallery-link\" data-rl_caption=\"\" data-rel=\"lightbox-gallery-1\"><img decoding=\"async\" width=\"150\" height=\"150\" src=\"https:\/\/www.colegiosanfelix.com\/web\/wp-content\/uploads\/2017\/02\/foto-lne-1-e1486498388513-150x150.jpg\" class=\"attachment-thumbnail size-thumbnail no-lazy\" alt=\"\" aria-describedby=\"gallery-1-2118\" srcset=\"https:\/\/www.colegiosanfelix.com\/web\/wp-content\/uploads\/2017\/02\/foto-lne-1-e1486498388513-150x150.jpg 150w, https:\/\/www.colegiosanfelix.com\/web\/wp-content\/uploads\/2017\/02\/foto-lne-1-e1486498388513-160x160.jpg 160w, https:\/\/www.colegiosanfelix.com\/web\/wp-content\/uploads\/2017\/02\/foto-lne-1-e1486498388513-320x320.jpg 320w\" sizes=\"(max-width: 150px) 100vw, 150px\" \/><\/a>\n\t\t\t<\/dt>\n\t\t\t\t<dd class='wp-caption-text gallery-caption' id='gallery-1-2118'>\n\t\t\t\tHuerto de los Olores\n\t\t\t\t<\/dd><\/dl>\n\t\t\t<br style='clear: both' \/>\n\t\t<\/div>\n\n","protected":false},"excerpt":{"rendered":"<p>Aqu\u00ed puedes acceder a la rese\u00f1a del Huerto de los Olores publicada en la Nueva Espa\u00f1a del pasado viernes 3 de febrero.<\/p>\n","protected":false},"author":1,"featured_media":2116,"comment_status":"open","ping_status":"closed","sticky":false,"template":"","format":"standard","meta":{"footnotes":""},"categories":[6],"tags":[251,114],"class_list":["post-2115","post","type-post","status-publish","format-standard","has-post-thumbnail","hentry","category-musica","tag-al","tag-huerto"],"_links":{"self":[{"href":"https:\/\/www.colegiosanfelix.com\/web\/index.php\/wp-json\/wp\/v2\/posts\/2115","targetHints":{"allow":["GET"]}}],"collection":[{"href":"https:\/\/www.colegiosanfelix.com\/web\/index.php\/wp-json\/wp\/v2\/posts"}],"about":[{"href":"https:\/\/www.colegiosanfelix.com\/web\/index.php\/wp-json\/wp\/v2\/types\/post"}],"author":[{"embeddable":true,"href":"https:\/\/www.colegiosanfelix.com\/web\/index.php\/wp-json\/wp\/v2\/users\/1"}],"replies":[{"embeddable":true,"href":"https:\/\/www.colegiosanfelix.com\/web\/index.php\/wp-json\/wp\/v2\/comments?post=2115"}],"version-history":[{"count":0,"href":"https:\/\/www.colegiosanfelix.com\/web\/index.php\/wp-json\/wp\/v2\/posts\/2115\/revisions"}],"wp:featuredmedia":[{"embeddable":true,"href":"https:\/\/www.colegiosanfelix.com\/web\/index.php\/wp-json\/wp\/v2\/media\/2116"}],"wp:attachment":[{"href":"https:\/\/www.colegiosanfelix.com\/web\/index.php\/wp-json\/wp\/v2\/media?parent=2115"}],"wp:term":[{"taxonomy":"category","embeddable":true,"href":"https:\/\/www.colegiosanfelix.com\/web\/index.php\/wp-json\/wp\/v2\/categories?post=2115"},{"taxonomy":"post_tag","embeddable":true,"href":"https:\/\/www.colegiosanfelix.com\/web\/index.php\/wp-json\/wp\/v2\/tags?post=2115"}],"curies":[{"name":"wp","href":"https:\/\/api.w.org\/{rel}","templated":true}]}}