{"id":2234,"date":"2017-03-31T11:47:18","date_gmt":"2017-03-31T10:47:18","guid":{"rendered":"https:\/\/www.colegiosanfelix.com\/web\/?p=2234"},"modified":"2017-04-19T23:34:58","modified_gmt":"2017-04-19T22:34:58","slug":"2234","status":"publish","type":"post","link":"https:\/\/www.colegiosanfelix.com\/web\/index.php\/2017\/03\/31\/2234\/","title":{"rendered":"Seguridad Vial Desde Que Somos Peques"},"content":{"rendered":"<p><strong>El alumnado desde E.I. hasta 4\u00ba de primara del\u00a0cole particip\u00f3 en un taller de Educaci\u00f3n Vial en el Centro Polivalente candans\u00edn.\u00a0<\/strong><br \/>\n<strong>Durante algo m\u00e1s de tres horas, divididos en tres sesiones diferentes y adaptadas a su edad, descubrieron de forma l\u00fadica la importancia del respeto al c\u00f3digo de circulaci\u00f3n, con normas tan sencillas como el uso del cintur\u00f3n de seguridad o del casco cuando circulamos en bicicleta.<\/strong><\/p>\n<p><strong>De regreso al cole\u00a0todo el alumnado pon\u00eda en pr\u00e1ctica\u00a0los contenidos aprendidos en el taller impartido por Jos\u00e9 V\u00e1zquez, del departamento de educaci\u00f3n vial de la Policia Local de Oviedo.\u00a0<\/strong><\/p>\n<p><strong>Las canciones aprendidas durante el taller y la presentaci\u00f3n de TUCA, una marioneta muy desobediente, les hicieron \u00a0disfrutar de unas lecciones que de otra forma hubieran sido m\u00e1s tediosas y aburridas. Desde luego, ha sido una jornada para recordar.<\/strong><\/p>\n<p><strong>Queremos agradecer desde el colegio a todos quienes han hecho posible esta actividad, empezando por \u00d3scar Cuend\u00edas (padre de un alumno que facilit\u00f3 la propuesta al cole), \u00a0el propio agente que de forma motivadora y entusiasta ha encandilado a su p\u00fablico de principio a fin, y tambi\u00e9n\u00a0a los consistorios de Oviedo y Carre\u00f1o.<\/strong><\/p>\n<p><strong>Si quieres ver algunas im\u00e1genes de lo acontecido, puedes hacer click <a href=\"https:\/\/goo.gl\/photos\/sxstr2ju1anSf9G49\">aqu\u00ed.<\/a><\/strong><\/p>\n","protected":false},"excerpt":{"rendered":"<p>La educaci\u00f3n vial es la mejor prevenci\u00f3n. Si se explica de forma divertida, a\u00fan mejor. Echa un vistazo a lo que hicimos en el Centro Polivalente con un aut\u00e9ntico polic\u00eda.<\/p>\n","protected":false},"author":1,"featured_media":2235,"comment_status":"open","ping_status":"closed","sticky":false,"template":"","format":"standard","meta":{"footnotes":""},"categories":[66],"tags":[289,283,290],"class_list":["post-2234","post","type-post","status-publish","format-standard","has-post-thumbnail","hentry","category-trabajos-de-clase","tag-policia","tag-seguridad-vial","tag-talleeres"],"_links":{"self":[{"href":"https:\/\/www.colegiosanfelix.com\/web\/index.php\/wp-json\/wp\/v2\/posts\/2234","targetHints":{"allow":["GET"]}}],"collection":[{"href":"https:\/\/www.colegiosanfelix.com\/web\/index.php\/wp-json\/wp\/v2\/posts"}],"about":[{"href":"https:\/\/www.colegiosanfelix.com\/web\/index.php\/wp-json\/wp\/v2\/types\/post"}],"author":[{"embeddable":true,"href":"https:\/\/www.colegiosanfelix.com\/web\/index.php\/wp-json\/wp\/v2\/users\/1"}],"replies":[{"embeddable":true,"href":"https:\/\/www.colegiosanfelix.com\/web\/index.php\/wp-json\/wp\/v2\/comments?post=2234"}],"version-history":[{"count":0,"href":"https:\/\/www.colegiosanfelix.com\/web\/index.php\/wp-json\/wp\/v2\/posts\/2234\/revisions"}],"wp:featuredmedia":[{"embeddable":true,"href":"https:\/\/www.colegiosanfelix.com\/web\/index.php\/wp-json\/wp\/v2\/media\/2235"}],"wp:attachment":[{"href":"https:\/\/www.colegiosanfelix.com\/web\/index.php\/wp-json\/wp\/v2\/media?parent=2234"}],"wp:term":[{"taxonomy":"category","embeddable":true,"href":"https:\/\/www.colegiosanfelix.com\/web\/index.php\/wp-json\/wp\/v2\/categories?post=2234"},{"taxonomy":"post_tag","embeddable":true,"href":"https:\/\/www.colegiosanfelix.com\/web\/index.php\/wp-json\/wp\/v2\/tags?post=2234"}],"curies":[{"name":"wp","href":"https:\/\/api.w.org\/{rel}","templated":true}]}}