{"id":234,"date":"2015-09-17T17:34:25","date_gmt":"2015-09-17T17:34:25","guid":{"rendered":"http:\/\/creactivos.net\/portal\/?p=234"},"modified":"2015-10-07T10:52:32","modified_gmt":"2015-10-07T08:52:32","slug":"bienvenids-a-la-mediateca","status":"publish","type":"post","link":"https:\/\/www.colegiosanfelix.com\/web\/index.php\/2015\/09\/17\/bienvenids-a-la-mediateca\/","title":{"rendered":"Bienvenid@s a la biblioteca"},"content":{"rendered":"<p><img decoding=\"async\" class=\"aligncenter size-full wp-image-236\" src=\"https:\/\/www.colegiosanfelix.com\/web\/wp-content\/uploads\/2015\/09\/biblio03.jpg\" alt=\"biblio03\" width=\"620\" height=\"320\" srcset=\"https:\/\/www.colegiosanfelix.com\/web\/wp-content\/uploads\/2015\/09\/biblio03.jpg 620w, https:\/\/www.colegiosanfelix.com\/web\/wp-content\/uploads\/2015\/09\/biblio03-300x155.jpg 300w\" sizes=\"(max-width: 620px) 100vw, 620px\" \/><\/p>\n<p>Hola, te damos la bienvenida a nuestra mediateca; el lugar de los libros, la lectura y la investigaci\u00f3n. Tenemos un cari\u00f1o muy especial por este proyecto, que lleva varios a\u00f1os desarroll\u00e1ndose en el centro, y trata de colocar a la lectura, la documentaci\u00f3n y la investigaci\u00f3n como pilares b\u00e1sicos del aprendizaje de nuestro alumnado.<\/p>\n<p><img decoding=\"async\" class=\"aligncenter size-full wp-image-235\" src=\"https:\/\/www.colegiosanfelix.com\/web\/wp-content\/uploads\/2015\/09\/biblio01.jpg\" alt=\"biblio01\" width=\"620\" height=\"306\" srcset=\"https:\/\/www.colegiosanfelix.com\/web\/wp-content\/uploads\/2015\/09\/biblio01.jpg 620w, https:\/\/www.colegiosanfelix.com\/web\/wp-content\/uploads\/2015\/09\/biblio01-300x148.jpg 300w\" sizes=\"(max-width: 620px) 100vw, 620px\" \/><\/p>\n<p><a href=\"https:\/\/www.aulastic.com\/mediateca\" target=\"_blank\">&gt;&gt; Visita la web del proyecto<\/a><\/p>\n","protected":false},"excerpt":{"rendered":"<p>Hola, te damos la bienvenida a nuestra mediateca; el lugar de los libros, la lectura y la investigaci\u00f3n. Tenemos un cari\u00f1o muy especial por este proyecto, que lleva varios a\u00f1os desarroll\u00e1ndose en el centro, y&#46;&#46;&#46;<\/p>\n","protected":false},"author":1,"featured_media":235,"comment_status":"open","ping_status":"closed","sticky":false,"template":"","format":"standard","meta":{"footnotes":""},"categories":[14,8],"tags":[36,38,41],"class_list":["post-234","post","type-post","status-publish","format-standard","has-post-thumbnail","hentry","category-biblioteca-escolar","category-proyectos","tag-lectura","tag-libros","tag-mediateca"],"_links":{"self":[{"href":"https:\/\/www.colegiosanfelix.com\/web\/index.php\/wp-json\/wp\/v2\/posts\/234","targetHints":{"allow":["GET"]}}],"collection":[{"href":"https:\/\/www.colegiosanfelix.com\/web\/index.php\/wp-json\/wp\/v2\/posts"}],"about":[{"href":"https:\/\/www.colegiosanfelix.com\/web\/index.php\/wp-json\/wp\/v2\/types\/post"}],"author":[{"embeddable":true,"href":"https:\/\/www.colegiosanfelix.com\/web\/index.php\/wp-json\/wp\/v2\/users\/1"}],"replies":[{"embeddable":true,"href":"https:\/\/www.colegiosanfelix.com\/web\/index.php\/wp-json\/wp\/v2\/comments?post=234"}],"version-history":[{"count":0,"href":"https:\/\/www.colegiosanfelix.com\/web\/index.php\/wp-json\/wp\/v2\/posts\/234\/revisions"}],"wp:featuredmedia":[{"embeddable":true,"href":"https:\/\/www.colegiosanfelix.com\/web\/index.php\/wp-json\/wp\/v2\/media\/235"}],"wp:attachment":[{"href":"https:\/\/www.colegiosanfelix.com\/web\/index.php\/wp-json\/wp\/v2\/media?parent=234"}],"wp:term":[{"taxonomy":"category","embeddable":true,"href":"https:\/\/www.colegiosanfelix.com\/web\/index.php\/wp-json\/wp\/v2\/categories?post=234"},{"taxonomy":"post_tag","embeddable":true,"href":"https:\/\/www.colegiosanfelix.com\/web\/index.php\/wp-json\/wp\/v2\/tags?post=234"}],"curies":[{"name":"wp","href":"https:\/\/api.w.org\/{rel}","templated":true}]}}