{"id":2970,"date":"2018-03-26T00:13:53","date_gmt":"2018-03-25T23:13:53","guid":{"rendered":"https:\/\/www.colegiosanfelix.com\/web\/?p=2970"},"modified":"2018-05-01T19:39:26","modified_gmt":"2018-05-01T18:39:26","slug":"los-ninos-que-leyeron-el-oso","status":"publish","type":"post","link":"https:\/\/www.colegiosanfelix.com\/web\/index.php\/2018\/03\/26\/los-ninos-que-leyeron-el-oso\/","title":{"rendered":"Los Ni\u00f1os Que Leyeron El Oso"},"content":{"rendered":"<p>Gonzalo Moure visit\u00f3 el cole para intercambiar impresiones con los ni\u00f1os y ni\u00f1as acerca de su trabajo literario, que explicamos m\u00e1s abajo. Echa un vistazo a <a href=\"https:\/\/photos.app.goo.gl\/8ndaM1y2SnhVu7Qv1\">estas im\u00e1genes<\/a> de la entra\u00f1able visita.<\/p>\n<p>Una buena historia siempre comienza con una idea que inspira. Esta aventura de aprendizaje surge tras la lectura de la historia de\u00a0 Gonzalo Moure\u00a0<em>El\u00a0 Oso Que Le\u00eda Ni\u00f1os.<\/em><\/p>\n<p>Como el cuento no ha dejado indiferente al\u00a0alumnado de 2\u00ba y 3er curso, los ni\u00f1os y ni\u00f1as han querido dar un paso m\u00e1s all\u00e1 desplegando las alas de su creatividad. En colaboraci\u00f3n con el <a href=\"http:\/\/www.proyectoscprgijon.es\/ecl\/\">C.P.R. de Gij\u00f3n- Oriente<\/a>, la Asociaci\u00f3n Espa\u00f1ola de Lectura y la Fundaci\u00f3n SM, comenzaron a surgir muchas ideas que giraban en torno a la historia y sus posibilidades para nuestros j\u00f3venes literatos.<\/p>\n<p>Poes\u00eda, redacci\u00f3n de noticias, bit\u00e1cora de viaje, ilustraciones, biograf\u00edas, interpretaci\u00f3n de mapas, caligramas\u2026todo un sinf\u00edn de recursos creados por los propios alumnos que se organizaron dentro de un peri\u00f3dico digital que permanecer\u00e1 en el tiempo a disposici\u00f3n de todo aquel que, al igual que nosotros, tenga escondida la llave de la curiosidad y desee encontrar tesoros en forma de letras.<\/p>\n<p>Si dejas que \u00d1um-\u00f1um lea tus ojos, algo maravilloso suceder\u00e1\u2026\u00a1f\u00edjate bien en lo que sucede haciendo click<a href=\"https:\/\/view.genial.ly\/5a8d66c1b6cf5b5fc2864e74\/el-oso-periodista\"> aqu\u00ed<\/a>!<\/p>\n<div id=\"attachment_2974\" style=\"width: 310px\" class=\"wp-caption aligncenter\"><img decoding=\"async\" aria-describedby=\"caption-attachment-2974\" class=\"wp-image-2974 size-medium\" src=\"https:\/\/www.colegiosanfelix.com\/web\/wp-content\/uploads\/2018\/03\/dedicatorias-300x300.jpg\" alt=\"\" width=\"300\" height=\"300\" srcset=\"https:\/\/www.colegiosanfelix.com\/web\/wp-content\/uploads\/2018\/03\/dedicatorias-300x300.jpg 300w, https:\/\/www.colegiosanfelix.com\/web\/wp-content\/uploads\/2018\/03\/dedicatorias-150x150.jpg 150w, https:\/\/www.colegiosanfelix.com\/web\/wp-content\/uploads\/2018\/03\/dedicatorias-768x768.jpg 768w, https:\/\/www.colegiosanfelix.com\/web\/wp-content\/uploads\/2018\/03\/dedicatorias-160x160.jpg 160w, https:\/\/www.colegiosanfelix.com\/web\/wp-content\/uploads\/2018\/03\/dedicatorias-320x320.jpg 320w, https:\/\/www.colegiosanfelix.com\/web\/wp-content\/uploads\/2018\/03\/dedicatorias.jpg 1024w\" sizes=\"(max-width: 300px) 100vw, 300px\" \/><p id=\"caption-attachment-2974\" class=\"wp-caption-text\">Dedicatorias del autor al alumnado de 2\u00ba y 3\u00ba del San F\u00e9lix.<\/p><\/div>\n\n\t\t<style>\n\t\t\t#gallery-1 {\n\t\t\t\tmargin: auto;\n\t\t\t}\n\t\t\t#gallery-1 .gallery-item {\n\t\t\t\tfloat: left;\n\t\t\t\tmargin-top: 10px;\n\t\t\t\ttext-align: center;\n\t\t\t\twidth: 33%;\n\t\t\t}\n\t\t\t#gallery-1 img {\n\t\t\t\tborder: 2px solid #cfcfcf;\n\t\t\t}\n\t\t\t#gallery-1 .gallery-caption {\n\t\t\t\tmargin-left: 0;\n\t\t\t}\n\t\t\t\/* see gallery_shortcode() in wp-includes\/media.php *\/\n\t\t<\/style>\n\t\t<div id='gallery-1' class='gallery galleryid-2970 gallery-columns-3 gallery-size-thumbnail'><dl class='gallery-item'>\n\t\t\t<dt class='gallery-icon portrait'>\n\t\t\t\t<a href='https:\/\/www.colegiosanfelix.com\/web\/wp-content\/uploads\/2018\/03\/ElComercio26_04_18.jpg' title=\"\" data-rl_title=\"\" class=\"rl-gallery-link\" data-rl_caption=\"\" data-rel=\"lightbox-gallery-1\"><img decoding=\"async\" width=\"150\" height=\"150\" src=\"https:\/\/www.colegiosanfelix.com\/web\/wp-content\/uploads\/2018\/03\/ElComercio26_04_18-150x150.jpg\" class=\"attachment-thumbnail size-thumbnail no-lazy\" alt=\"\" aria-describedby=\"gallery-1-2995\" srcset=\"https:\/\/www.colegiosanfelix.com\/web\/wp-content\/uploads\/2018\/03\/ElComercio26_04_18-150x150.jpg 150w, https:\/\/www.colegiosanfelix.com\/web\/wp-content\/uploads\/2018\/03\/ElComercio26_04_18-160x160.jpg 160w, https:\/\/www.colegiosanfelix.com\/web\/wp-content\/uploads\/2018\/03\/ElComercio26_04_18-320x320.jpg 320w\" sizes=\"(max-width: 150px) 100vw, 150px\" \/><\/a>\n\t\t\t<\/dt>\n\t\t\t\t<dd class='wp-caption-text gallery-caption' id='gallery-1-2995'>\n\t\t\t\tNota de Prensa\n\t\t\t\t<\/dd><\/dl>\n\t\t\t<br style='clear: both' \/>\n\t\t<\/div>\n\n<p>&nbsp;<\/p>\n","protected":false},"excerpt":{"rendered":"<p>Escribir como lectores es vivir la literatura desde dentro. As\u00ed nos lo explic\u00f3 Gonzalo Moure en su visita al cole. No te pierdas el significado de la lectura social con los prol\u00edficos escritores de 2\u00ba y 3er curso, haciendo click aqu\u00ed.<\/p>\n","protected":false},"author":1,"featured_media":2971,"comment_status":"open","ping_status":"closed","sticky":false,"template":"","format":"standard","meta":{"footnotes":""},"categories":[66],"tags":[347,38,344,345,346],"class_list":["post-2970","post","type-post","status-publish","format-standard","has-post-thumbnail","hentry","category-trabajos-de-clase","tag-escritura","tag-libros","tag-literatura","tag-moure","tag-oso"],"_links":{"self":[{"href":"https:\/\/www.colegiosanfelix.com\/web\/index.php\/wp-json\/wp\/v2\/posts\/2970","targetHints":{"allow":["GET"]}}],"collection":[{"href":"https:\/\/www.colegiosanfelix.com\/web\/index.php\/wp-json\/wp\/v2\/posts"}],"about":[{"href":"https:\/\/www.colegiosanfelix.com\/web\/index.php\/wp-json\/wp\/v2\/types\/post"}],"author":[{"embeddable":true,"href":"https:\/\/www.colegiosanfelix.com\/web\/index.php\/wp-json\/wp\/v2\/users\/1"}],"replies":[{"embeddable":true,"href":"https:\/\/www.colegiosanfelix.com\/web\/index.php\/wp-json\/wp\/v2\/comments?post=2970"}],"version-history":[{"count":0,"href":"https:\/\/www.colegiosanfelix.com\/web\/index.php\/wp-json\/wp\/v2\/posts\/2970\/revisions"}],"wp:featuredmedia":[{"embeddable":true,"href":"https:\/\/www.colegiosanfelix.com\/web\/index.php\/wp-json\/wp\/v2\/media\/2971"}],"wp:attachment":[{"href":"https:\/\/www.colegiosanfelix.com\/web\/index.php\/wp-json\/wp\/v2\/media?parent=2970"}],"wp:term":[{"taxonomy":"category","embeddable":true,"href":"https:\/\/www.colegiosanfelix.com\/web\/index.php\/wp-json\/wp\/v2\/categories?post=2970"},{"taxonomy":"post_tag","embeddable":true,"href":"https:\/\/www.colegiosanfelix.com\/web\/index.php\/wp-json\/wp\/v2\/tags?post=2970"}],"curies":[{"name":"wp","href":"https:\/\/api.w.org\/{rel}","templated":true}]}}