{"id":3223,"date":"2019-02-11T22:55:01","date_gmt":"2019-02-11T21:55:01","guid":{"rendered":"https:\/\/www.colegiosanfelix.com\/web\/?p=3223"},"modified":"2020-10-30T18:40:15","modified_gmt":"2020-10-30T17:40:15","slug":"nuevo-encuentro-de-radios-escolares-de-asturias","status":"publish","type":"post","link":"https:\/\/www.colegiosanfelix.com\/web\/index.php\/2019\/02\/11\/nuevo-encuentro-de-radios-escolares-de-asturias\/","title":{"rendered":"Nuevo Encuentro De Radios Escolares De Asturias"},"content":{"rendered":"\n<figure class=\"wp-block-image\"><img decoding=\"async\" width=\"603\" height=\"596\" src=\"https:\/\/www.colegiosanfelix.com\/web\/wp-content\/uploads\/2019\/02\/dipt.jpg\" alt=\"Programa del Encuentro\" class=\"wp-image-3224\" srcset=\"https:\/\/www.colegiosanfelix.com\/web\/wp-content\/uploads\/2019\/02\/dipt.jpg 603w, https:\/\/www.colegiosanfelix.com\/web\/wp-content\/uploads\/2019\/02\/dipt-300x297.jpg 300w\" sizes=\"(max-width: 603px) 100vw, 603px\" \/><\/figure>\n\n\n\n<p><\/p>\n","protected":false},"excerpt":{"rendered":"<p>Un nuevo a\u00f1o estamos en la ya tercera edici\u00f3n de un evento motivado por el D\u00eda Mundial de la Radio.<\/p>\n","protected":false},"author":1,"featured_media":4073,"comment_status":"open","ping_status":"closed","sticky":false,"template":"","format":"standard","meta":{"footnotes":""},"categories":[7],"tags":[75],"class_list":["post-3223","post","type-post","status-publish","format-standard","has-post-thumbnail","hentry","category-noticias","tag-radio"],"_links":{"self":[{"href":"https:\/\/www.colegiosanfelix.com\/web\/index.php\/wp-json\/wp\/v2\/posts\/3223","targetHints":{"allow":["GET"]}}],"collection":[{"href":"https:\/\/www.colegiosanfelix.com\/web\/index.php\/wp-json\/wp\/v2\/posts"}],"about":[{"href":"https:\/\/www.colegiosanfelix.com\/web\/index.php\/wp-json\/wp\/v2\/types\/post"}],"author":[{"embeddable":true,"href":"https:\/\/www.colegiosanfelix.com\/web\/index.php\/wp-json\/wp\/v2\/users\/1"}],"replies":[{"embeddable":true,"href":"https:\/\/www.colegiosanfelix.com\/web\/index.php\/wp-json\/wp\/v2\/comments?post=3223"}],"version-history":[{"count":0,"href":"https:\/\/www.colegiosanfelix.com\/web\/index.php\/wp-json\/wp\/v2\/posts\/3223\/revisions"}],"wp:featuredmedia":[{"embeddable":true,"href":"https:\/\/www.colegiosanfelix.com\/web\/index.php\/wp-json\/wp\/v2\/media\/4073"}],"wp:attachment":[{"href":"https:\/\/www.colegiosanfelix.com\/web\/index.php\/wp-json\/wp\/v2\/media?parent=3223"}],"wp:term":[{"taxonomy":"category","embeddable":true,"href":"https:\/\/www.colegiosanfelix.com\/web\/index.php\/wp-json\/wp\/v2\/categories?post=3223"},{"taxonomy":"post_tag","embeddable":true,"href":"https:\/\/www.colegiosanfelix.com\/web\/index.php\/wp-json\/wp\/v2\/tags?post=3223"}],"curies":[{"name":"wp","href":"https:\/\/api.w.org\/{rel}","templated":true}]}}