{"id":3765,"date":"2020-02-04T12:30:07","date_gmt":"2020-02-04T11:30:07","guid":{"rendered":"https:\/\/www.colegiosanfelix.com\/web\/?p=3765"},"modified":"2020-10-30T18:37:30","modified_gmt":"2020-10-30T17:37:30","slug":"v-taller-emocional-dia-escolar-de-la-no-violencia-y-la-paz","status":"publish","type":"post","link":"https:\/\/www.colegiosanfelix.com\/web\/index.php\/2020\/02\/04\/v-taller-emocional-dia-escolar-de-la-no-violencia-y-la-paz\/","title":{"rendered":"V Taller Emocional &#8216;D\u00eda Escolar De La No Violencia Y La Paz&#8217;"},"content":{"rendered":"\n<p>Una nueva edici\u00f3n de taller emocional, en el que ha participado todo el alumnado, tuvo el nexo com\u00fan de la obra de Picasso, \u00abGuernika\u00bb. La ic\u00f3nica pintura nos recuerda la violencia y los horrores de la guerra. A trav\u00e9s del cuadro fueron surgiendo opiniones e ideas muy interesantes para reflexionar en una efem\u00e9ride que quisi\u00e9ramos no fuese necesario celebrar.<\/p>\n\n\n\n<p>https:\/\/youtu.be\/wKCpQKb-IT4<\/p>\n\n\n\n<p><\/p>\n","protected":false},"excerpt":{"rendered":"<p>El primer taller emocional de 2020, recuerda que por desgracia, la paz sigue siendo objeto de deseo en demasiados lugares del mundo actual.<\/p>\n","protected":false},"author":1,"featured_media":3763,"comment_status":"open","ping_status":"closed","sticky":false,"template":"","format":"standard","meta":{"footnotes":""},"categories":[314],"tags":[],"class_list":["post-3765","post","type-post","status-publish","format-standard","has-post-thumbnail","hentry","category-contrato-programa"],"_links":{"self":[{"href":"https:\/\/www.colegiosanfelix.com\/web\/index.php\/wp-json\/wp\/v2\/posts\/3765","targetHints":{"allow":["GET"]}}],"collection":[{"href":"https:\/\/www.colegiosanfelix.com\/web\/index.php\/wp-json\/wp\/v2\/posts"}],"about":[{"href":"https:\/\/www.colegiosanfelix.com\/web\/index.php\/wp-json\/wp\/v2\/types\/post"}],"author":[{"embeddable":true,"href":"https:\/\/www.colegiosanfelix.com\/web\/index.php\/wp-json\/wp\/v2\/users\/1"}],"replies":[{"embeddable":true,"href":"https:\/\/www.colegiosanfelix.com\/web\/index.php\/wp-json\/wp\/v2\/comments?post=3765"}],"version-history":[{"count":0,"href":"https:\/\/www.colegiosanfelix.com\/web\/index.php\/wp-json\/wp\/v2\/posts\/3765\/revisions"}],"wp:featuredmedia":[{"embeddable":true,"href":"https:\/\/www.colegiosanfelix.com\/web\/index.php\/wp-json\/wp\/v2\/media\/3763"}],"wp:attachment":[{"href":"https:\/\/www.colegiosanfelix.com\/web\/index.php\/wp-json\/wp\/v2\/media?parent=3765"}],"wp:term":[{"taxonomy":"category","embeddable":true,"href":"https:\/\/www.colegiosanfelix.com\/web\/index.php\/wp-json\/wp\/v2\/categories?post=3765"},{"taxonomy":"post_tag","embeddable":true,"href":"https:\/\/www.colegiosanfelix.com\/web\/index.php\/wp-json\/wp\/v2\/tags?post=3765"}],"curies":[{"name":"wp","href":"https:\/\/api.w.org\/{rel}","templated":true}]}}