{"id":3785,"date":"2020-02-13T18:13:02","date_gmt":"2020-02-13T17:13:02","guid":{"rendered":"https:\/\/www.colegiosanfelix.com\/web\/?p=3785"},"modified":"2020-02-16T00:15:17","modified_gmt":"2020-02-15T23:15:17","slug":"familias-que-hilan-fino","status":"publish","type":"post","link":"https:\/\/www.colegiosanfelix.com\/web\/index.php\/2020\/02\/13\/familias-que-hilan-fino\/","title":{"rendered":"Familias que hilan fino"},"content":{"rendered":"\n<p>El proyecto de <em>los lobos<\/em> que est\u00e1 llevando a cabo educaci\u00f3n infantil tiene una cita importante en el carnaval, donde los protagonistas ir\u00e1n en manada (de lobeznos y lobeznas). Para ello, un buen grupo de voluntarias y voluntarios se han puesto manos a la obra con el fin de que todo est\u00e9 listo para la pr\u00f3xima semana&#8230; \u00a1modistas de primera categor\u00eda!<\/p>\n\n\n\n<p>Gracias por vuestra dedicaci\u00f3n y esfuerzo para que todo salga a la perfecci\u00f3n.<\/p>\n\n\n\n<p><\/p>\n\n\n\n<figure class=\"wp-block-image size-large\"><img decoding=\"async\" width=\"640\" height=\"480\" src=\"https:\/\/www.colegiosanfelix.com\/web\/wp-content\/uploads\/2020\/02\/img_9998390300364.jpg\" alt=\"\" class=\"wp-image-3779\" srcset=\"https:\/\/www.colegiosanfelix.com\/web\/wp-content\/uploads\/2020\/02\/img_9998390300364.jpg 640w, https:\/\/www.colegiosanfelix.com\/web\/wp-content\/uploads\/2020\/02\/img_9998390300364-300x225.jpg 300w\" sizes=\"(max-width: 640px) 100vw, 640px\" \/><\/figure>\n\n\n\n<figure class=\"wp-block-image size-large\"><img decoding=\"async\" width=\"640\" height=\"480\" src=\"https:\/\/www.colegiosanfelix.com\/web\/wp-content\/uploads\/2020\/02\/img_99991155225798.jpg\" alt=\"\" class=\"wp-image-3780\" srcset=\"https:\/\/www.colegiosanfelix.com\/web\/wp-content\/uploads\/2020\/02\/img_99991155225798.jpg 640w, https:\/\/www.colegiosanfelix.com\/web\/wp-content\/uploads\/2020\/02\/img_99991155225798-300x225.jpg 300w\" sizes=\"(max-width: 640px) 100vw, 640px\" \/><\/figure>\n\n\n\n<figure class=\"wp-block-image size-large\"><img decoding=\"async\" width=\"640\" height=\"480\" src=\"https:\/\/www.colegiosanfelix.com\/web\/wp-content\/uploads\/2020\/02\/img_9995774464587.jpg\" alt=\"\" class=\"wp-image-3781\" srcset=\"https:\/\/www.colegiosanfelix.com\/web\/wp-content\/uploads\/2020\/02\/img_9995774464587.jpg 640w, https:\/\/www.colegiosanfelix.com\/web\/wp-content\/uploads\/2020\/02\/img_9995774464587-300x225.jpg 300w\" sizes=\"(max-width: 640px) 100vw, 640px\" \/><\/figure>\n\n\n\n<figure class=\"wp-block-image size-large\"><img decoding=\"async\" width=\"640\" height=\"480\" src=\"https:\/\/www.colegiosanfelix.com\/web\/wp-content\/uploads\/2020\/02\/img_9994830808795.jpg\" alt=\"\" class=\"wp-image-3782\" srcset=\"https:\/\/www.colegiosanfelix.com\/web\/wp-content\/uploads\/2020\/02\/img_9994830808795.jpg 640w, https:\/\/www.colegiosanfelix.com\/web\/wp-content\/uploads\/2020\/02\/img_9994830808795-300x225.jpg 300w\" sizes=\"(max-width: 640px) 100vw, 640px\" \/><\/figure>\n\n\n\n<figure class=\"wp-block-image size-large\"><img decoding=\"async\" width=\"640\" height=\"480\" src=\"https:\/\/www.colegiosanfelix.com\/web\/wp-content\/uploads\/2020\/02\/1581613119917_img_9993602086996.jpg\" alt=\"\" class=\"wp-image-3783\" srcset=\"https:\/\/www.colegiosanfelix.com\/web\/wp-content\/uploads\/2020\/02\/1581613119917_img_9993602086996.jpg 640w, https:\/\/www.colegiosanfelix.com\/web\/wp-content\/uploads\/2020\/02\/1581613119917_img_9993602086996-300x225.jpg 300w\" sizes=\"(max-width: 640px) 100vw, 640px\" \/><\/figure>\n","protected":false},"excerpt":{"rendered":"<p>Este carnaval lobos ib\u00e9ricos andar\u00e1n campando a sus anchas por el cole&#8230;y todo gracias a un equipo de costura que sabe muy bien lo que hace.<\/p>\n","protected":false},"author":1,"featured_media":3784,"comment_status":"open","ping_status":"closed","sticky":false,"template":"","format":"standard","meta":{"footnotes":""},"categories":[4],"tags":[395,288,250],"class_list":["post-3785","post","type-post","status-publish","format-standard","has-post-thumbnail","hentry","category-familias","tag-costura","tag-familias","tag-infantil"],"_links":{"self":[{"href":"https:\/\/www.colegiosanfelix.com\/web\/index.php\/wp-json\/wp\/v2\/posts\/3785","targetHints":{"allow":["GET"]}}],"collection":[{"href":"https:\/\/www.colegiosanfelix.com\/web\/index.php\/wp-json\/wp\/v2\/posts"}],"about":[{"href":"https:\/\/www.colegiosanfelix.com\/web\/index.php\/wp-json\/wp\/v2\/types\/post"}],"author":[{"embeddable":true,"href":"https:\/\/www.colegiosanfelix.com\/web\/index.php\/wp-json\/wp\/v2\/users\/1"}],"replies":[{"embeddable":true,"href":"https:\/\/www.colegiosanfelix.com\/web\/index.php\/wp-json\/wp\/v2\/comments?post=3785"}],"version-history":[{"count":0,"href":"https:\/\/www.colegiosanfelix.com\/web\/index.php\/wp-json\/wp\/v2\/posts\/3785\/revisions"}],"wp:featuredmedia":[{"embeddable":true,"href":"https:\/\/www.colegiosanfelix.com\/web\/index.php\/wp-json\/wp\/v2\/media\/3784"}],"wp:attachment":[{"href":"https:\/\/www.colegiosanfelix.com\/web\/index.php\/wp-json\/wp\/v2\/media?parent=3785"}],"wp:term":[{"taxonomy":"category","embeddable":true,"href":"https:\/\/www.colegiosanfelix.com\/web\/index.php\/wp-json\/wp\/v2\/categories?post=3785"},{"taxonomy":"post_tag","embeddable":true,"href":"https:\/\/www.colegiosanfelix.com\/web\/index.php\/wp-json\/wp\/v2\/tags?post=3785"}],"curies":[{"name":"wp","href":"https:\/\/api.w.org\/{rel}","templated":true}]}}