{"id":3961,"date":"2020-09-03T00:03:58","date_gmt":"2020-09-02T23:03:58","guid":{"rendered":"https:\/\/www.colegiosanfelix.com\/web\/?p=3961"},"modified":"2026-04-28T09:13:56","modified_gmt":"2026-04-28T08:13:56","slug":"directorio-de-personal-docente-del-centro","status":"publish","type":"post","link":"https:\/\/www.colegiosanfelix.com\/web\/index.php\/2020\/09\/03\/directorio-de-personal-docente-del-centro\/","title":{"rendered":"Directorio de Personal del Centro"},"content":{"rendered":"\n<figure class=\"wp-block-table\"><table><tbody><tr><td>Directora<\/td><td>Mari\u00e1n S\u00e1nchez<\/td><td><a href=\"mailto:mast@educastur.org\">mast@educastur.org<\/a><\/td><\/tr><tr><td>Jefa de Estudios<\/td><td>Liliana de la Calzada<\/td><td><a href=\"mailto:lilianalcf@educastur.org\">lilianalfc@educastur.org<\/a><\/td><\/tr><tr><td>Secretaria<\/td><td>Eva \u00c1lvarez<\/td><td><a href=\"mailto:evaaga@educastur.org\">evaaga@educastur.org<\/a><\/td><\/tr><\/tbody><\/table><figcaption class=\"wp-element-caption\">EQUIPO DIRECTIVO<\/figcaption><\/figure>\n\n\n\n<figure class=\"wp-block-table\"><table><tbody><tr><td>E.I. 3 a\u00f1os A<\/td><td>Elisa Navarrete<\/td><td><a href=\"mailto:elisanar@educastur.org\">elisanar@educastur.org<\/a><\/td><\/tr><tr><td>E.I. 4 a\u00f1os A<\/td><td>Micaela de Poo<\/td><td><a href=\"mailto:micaelaspr@educastur.org\">micaelaspr@educastur.org<\/a><\/td><\/tr><tr><td>E.I. 4 a\u00f1os B<\/td><td>Nieves Tom\u00e9<\/td><td><a href=\"mailto:mnievests@educastur.org\">mnievests@educastur.org<\/a><\/td><\/tr><tr><td>E.I. 5 a\u00f1os A<\/td><td>Eulalia Sunyer<\/td><td><a href=\"mailto:eulaliasp@educastur.org\">eulaliasp@educastur.org<\/a><\/td><\/tr><tr><td>Apoyo infantil<\/td><td>Ana Arg\u00fcelles<\/td><td><a href=\"mailto:anaaal@educastur.org\">anaaal@educastur.org<\/a><\/td><\/tr><tr><td>Apoyo infantil<\/td><td>Aurelia Gonz\u00e1lez<\/td><td><a href=\"mailto:aureliags@educastur.org\">aureliags@educastur.org<\/a><\/td><\/tr><tr><td>Apoyo infantil<\/td><td>Eva \u00c1lvarez<\/td><td><a href=\"mailto:evaaga@educastur.org\">evaaga@educastur.org<\/a><\/td><\/tr><tr><td>1\u00b0 A (E.P.)<\/td><td>Aida Fern\u00e1ndez<\/td><td><a href=\"mailto:aidafa@educastur.org\">aidafa@educastur.org<\/a><\/td><\/tr><tr><td>1\u00b0 B (E.P)<\/td><td>Adri\u00e1n Red\u00f3n<\/td><td><a href=\"mailto:adrianrf@educastur.org\">adrianrf@educastur.org<\/a><\/td><\/tr><tr><td>2\u00baA (E.P)<\/td><td>Ana Gonz\u00e1lez<\/td><td><a href=\"mailto:anamggo@educastur.org\">anamggo@educastur.org<\/a><\/td><\/tr><tr><td>2\u00baB (E.P.)<\/td><td>Esther Vega<\/td><td><a href=\"mailto:mevd@educastur.org\">mevd@educastur.org<\/a><\/td><\/tr><tr><td>3\u00ba A (E.P.)<\/td><td>Carlos Gonz\u00e1lez-Pumariega<\/td><td><a href=\"mailto:carloszs@educastur.org\" data-type=\"mailto\" data-id=\"mailto:carloszs@educastur.org\" target=\"_blank\" rel=\"noreferrer noopener\">carloszs@educastur.org<\/a><\/td><\/tr><tr><td>3\u00ba B (E.P.)<\/td><td>H\u00e9ctor S\u00e1nchez<\/td><td><a href=\"mailto:hectorsc@educastur.org\">hectorsc@educastur.org<\/a><\/td><\/tr><tr><td>4\u00ba A (E.P.)<\/td><td>Marta Su\u00e1rez<\/td><td><a href=\"mailto:martaele@educastur.org\">martaele@educastur.org<\/a><\/td><\/tr><tr><td>4\u00ba B (E.P.)<\/td><td>Raquel Garc\u00eda<\/td><td><a href=\"mailto:raquelro@educastur.org\">raquelro@educastur.org<\/a><\/td><\/tr><tr><td>5\u00b0 A (E.P)<\/td><td>Liliana de la Calzada<br>Sandra Bonache Palacio<\/td><td><a href=\"mailto:lilianalcf@educastur.org\">lilianalcf@educastur.org<\/a><br><a href=\"mailto:sandrabp@educastur.org\">sandrabp@educastur.org<\/a><\/td><\/tr><tr><td>5\u00b0 B (E.P)<\/td><td>Alejandra Vega<\/td><td><a href=\"mailto:alejandravf12@educastur.es\">alejandravf12@educastur.es<\/a><\/td><\/tr><tr><td>6\u00ba A (E.P)<\/td><td>Patricia Caballero<\/td><td><a href=\"mailto:patriciacmar@educastur.org\">patriciacmar@educastur.org<\/a><\/td><\/tr><tr><td>6\u00b0 B (E.P)<\/td><td>Elena Rodr\u00edguez<\/td><td><a href=\"mailto:elenarg@educastur.org\">elenarg@educastur.org<\/a><\/td><\/tr><tr><td>English + Bilingual<\/td><td>Yohana Dur\u00e1n<\/td><td><a href=\"mailto:yohanadb@educastur.org\">yohanadb@educastur.org<\/a><\/td><\/tr><tr><td>English + Bilingual<\/td><td>Jorge Veses<\/td><td><a href=\"mailto:jorgevam@educastur.org\">jorgevam@educastur.org<\/a><\/td><\/tr><tr><td>English + Bilingual<\/td><td>Joana Garc\u00eda<\/td><td><a href=\"mailto:joanaga@educastur.org\">joanaga@educastur.org<\/a><\/td><\/tr><tr><td>English + Bilingual<\/td><td>Alejandra Vega<\/td><td><a href=\"mailto:alejandravf12@educastur.org\">alejandravf12@educastur.org<\/a><\/td><\/tr><tr><td>English + Bilingual<\/td><td>Pablo Quesada Y\u00e1\u00f1ez<\/td><td><a href=\"mailto:pabloqy@educastur.org\">pabloqy@educastur.org<\/a><\/td><\/tr><tr><td>M\u00fasica<\/td><td>Patricia Caballero<\/td><td><a href=\"mailto:patriciacmar@educastur.org\">patriciacmar@educastur.org<\/a><\/td><\/tr><tr><\/tr><tr><td>Educaci\u00f3n f\u00edsica<\/td><td>Liliana Antu\u00f1a<\/td><td><a href=\"mailto:lilianaar@educastur.org\">lilianaar@educastur.org<\/a><\/td><\/tr><tr><td>Educaci\u00f3n f\u00edsica<\/td><td>Adri\u00e1n Red\u00f3n<\/td><td><a href=\"mailto:adrianrf@educastur.org\">adrianrf@educastur.org<\/a><\/td><\/tr><tr><td>Llingua&nbsp;<\/td><td>Jennifer Somoano<\/td><td><a href=\"mailto:jennifersm@educastur.org\">jennifersm@educastur.org<\/a><\/td><\/tr><tr><td>Pedagog\u00eda Terap\u00e9utica<\/td><td>Sandra M\u00aa Carro<br>Rosana Rodr\u00edguez<\/td><td><a href=\"sandracr@educastur.org\">sandracr@educastur.org<\/a><br><a href=\"rosanarc@educastur.org\" data-type=\"link\" data-id=\"rosanarc@educastur.org\" target=\"_blank\" rel=\"noreferrer noopener\">rosanarc@educastur.org<\/a><\/td><\/tr><tr><td>Orientador<\/td><td>Alfonso \u00c1lvarez<\/td><td><a href=\"mailto:alfonsova@educastur.org\">alfonsova@educastur.org<\/a><\/td><\/tr><tr><td>PSC<\/td><td>Santiago Garc\u00eda<\/td><td><a href=\"mailto:santiagogsa@educastur.org\">santiagogsa@educastur.org<\/a><\/td><\/tr><tr><td>Religi\u00f3n<\/td><td>Gloria M\u00aa Cueva<\/td><td><a href=\"mailto:gloriaan@educastur.org\">gloriaan@educastur.org<\/a><\/td><\/tr><\/tbody><\/table><figcaption class=\"wp-element-caption\">EQUIPO DOCENTE<\/figcaption><\/figure>\n\n\n\n<figure class=\"wp-block-table\"><table><tbody><tr><td>Administraci\u00f3n<\/td><td class=\"has-text-align-left\" data-align=\"left\">Patricia Ferreiro                 <\/td><\/tr><tr><td>Limpieza<\/td><td class=\"has-text-align-left\" data-align=\"left\">Elo\u00edna \u00c1lvarez<br>Marga Castillo<br>Rosi Cuervo<\/td><\/tr><tr><td>Conserje<\/td><td class=\"has-text-align-left\" data-align=\"left\">Lola Feijoo<br>Antonio Priede<\/td><\/tr><tr><td>Personal de Comedor<\/td><td class=\"has-text-align-left\" data-align=\"left\">Cova Men\u00e9ndez<br>Beatriz Men\u00e9ndez<br>Mar\u00eda Prendes<\/td><\/tr><\/tbody><\/table><figcaption class=\"wp-element-caption\">PERSONAL NO DOCENTE<\/figcaption><\/figure>\n","protected":false},"excerpt":{"rendered":"<p>\u00bfTienes que contactar con nosotros? Estas son nuestras direcciones de correo.<\/p>\n","protected":false},"author":1,"featured_media":3962,"comment_status":"open","ping_status":"closed","sticky":false,"template":"","format":"standard","meta":{"footnotes":""},"categories":[1],"tags":[],"class_list":["post-3961","post","type-post","status-publish","format-standard","has-post-thumbnail","hentry","category-sin-categoria"],"_links":{"self":[{"href":"https:\/\/www.colegiosanfelix.com\/web\/index.php\/wp-json\/wp\/v2\/posts\/3961","targetHints":{"allow":["GET"]}}],"collection":[{"href":"https:\/\/www.colegiosanfelix.com\/web\/index.php\/wp-json\/wp\/v2\/posts"}],"about":[{"href":"https:\/\/www.colegiosanfelix.com\/web\/index.php\/wp-json\/wp\/v2\/types\/post"}],"author":[{"embeddable":true,"href":"https:\/\/www.colegiosanfelix.com\/web\/index.php\/wp-json\/wp\/v2\/users\/1"}],"replies":[{"embeddable":true,"href":"https:\/\/www.colegiosanfelix.com\/web\/index.php\/wp-json\/wp\/v2\/comments?post=3961"}],"version-history":[{"count":33,"href":"https:\/\/www.colegiosanfelix.com\/web\/index.php\/wp-json\/wp\/v2\/posts\/3961\/revisions"}],"predecessor-version":[{"id":6240,"href":"https:\/\/www.colegiosanfelix.com\/web\/index.php\/wp-json\/wp\/v2\/posts\/3961\/revisions\/6240"}],"wp:featuredmedia":[{"embeddable":true,"href":"https:\/\/www.colegiosanfelix.com\/web\/index.php\/wp-json\/wp\/v2\/media\/3962"}],"wp:attachment":[{"href":"https:\/\/www.colegiosanfelix.com\/web\/index.php\/wp-json\/wp\/v2\/media?parent=3961"}],"wp:term":[{"taxonomy":"category","embeddable":true,"href":"https:\/\/www.colegiosanfelix.com\/web\/index.php\/wp-json\/wp\/v2\/categories?post=3961"},{"taxonomy":"post_tag","embeddable":true,"href":"https:\/\/www.colegiosanfelix.com\/web\/index.php\/wp-json\/wp\/v2\/tags?post=3961"}],"curies":[{"name":"wp","href":"https:\/\/api.w.org\/{rel}","templated":true}]}}