{"id":3995,"date":"2020-09-17T12:40:47","date_gmt":"2020-09-17T11:40:47","guid":{"rendered":"https:\/\/www.colegiosanfelix.com\/web\/?p=3995"},"modified":"2020-09-25T15:05:03","modified_gmt":"2020-09-25T14:05:03","slug":"comienza-el-curso-2020-2021","status":"publish","type":"post","link":"https:\/\/www.colegiosanfelix.com\/web\/index.php\/2020\/09\/17\/comienza-el-curso-2020-2021\/","title":{"rendered":"COMIENZA EL CURSO 2020-2021"},"content":{"rendered":"\n<p>Estimadas familias,<\/p>\n\n\n\n<p>En primer lugar, rogamos nos disculp\u00e9is por no haber podido daros informaci\u00f3n respecto al nuevo curso hasta este momento.<\/p>\n\n\n\n<p>Nuestro trabajo y esfuerzo ha ido encaminado a mantener los grupos de clase tal y como estaban previamente a la pandemia y hacer desdoble s\u00f3lo donde hubiera grupos mayores de 20 alumnos por razones de seguridad.<\/p>\n\n\n\n<p>Teniendo realizada, ya en julio, toda la organizaci\u00f3n para el nuevo curso, hemos tenido que cambiar hacia agrupamientos seg\u00fan optativas, siempre que no se superase la ratio de 20 alumnos( excepcionalmente 21) seg\u00fan las pautas establecidas por la Consejer\u00eda de Educaci\u00f3n.<\/p>\n\n\n\n<p>Pese a todo, hemos conseguido mantener la mayor\u00eda de grupos, exceptuando E.I. 4 a\u00f1os, E.I. 5 a\u00f1os y 2\u00ba de E.P.<\/p>\n\n\n\n<p>Entendemos que con el sistema de trabajo que se lleva a cabo, el alumnado que cambia de tutor-a se adaptar\u00e1 sin grandes dificultades, dado que la coordinaci\u00f3n entre el profesorado es estrecha y se han planteado diferentes actuaciones de acogida socioemocional.<\/p>\n\n\n\n<p>Tambi\u00e9n hemos solicitado el desdoble de 6\u00ba curso por superar la ratio de 20 alumnos, de forma que podamos brindar una atenci\u00f3n m\u00e1s individualizada, pero seguimos a la espera de recibir autorizaci\u00f3n para implementarlo.<\/p>\n\n\n\n<p>Os hacemos llegar por este medio la organizaci\u00f3n seg\u00fan los nuevos protocolos  a d\u00eda de hoy. Esto no quiere decir que la Consejer\u00eda no nos inste a nuevos cambios, pero en un principio el martes 22 de septiembre el alumnado se incorporar\u00e1 con las siguientes novedades:<\/p>\n\n\n\n<p><a href=\"https:\/\/sway.office.com\/bE5LASXIcwOjo76n\">\u00bfQu\u00e9 va a cambiar en el cole este a\u00f1o? <\/a><\/p>\n\n\n\n<p>Somos conscientes de las molestias que esta situaci\u00f3n puede generar y por ello desde el equipo directivo seguimos luchando por mantener grupos reducidos, heterog\u00e9neos, equilibrados y reducidos para poder ofrecer la mejor atenci\u00f3n posible a cada alumno-a.<\/p>\n\n\n\n<p>Gracias, como siempre, por vuestra colaboraci\u00f3n y \u00a1a por el nuevo curso!. <\/p>\n\n\n\n<p style=\"text-align:right\">C.P. SAN F\u00c9LIX<\/p>\n\n\n\n<p> <\/p>\n","protected":false},"excerpt":{"rendered":"<p>Un curso con muchos cambios. Lee con detenimiento cu\u00e1les son los m\u00e1s importantes.<\/p>\n","protected":false},"author":1,"featured_media":3110,"comment_status":"open","ping_status":"closed","sticky":false,"template":"","format":"standard","meta":{"footnotes":""},"categories":[2],"tags":[406,405],"class_list":["post-3995","post","type-post","status-publish","format-standard","has-post-thumbnail","hentry","category-avisos","tag-covid-19","tag-nuevo-curso"],"_links":{"self":[{"href":"https:\/\/www.colegiosanfelix.com\/web\/index.php\/wp-json\/wp\/v2\/posts\/3995","targetHints":{"allow":["GET"]}}],"collection":[{"href":"https:\/\/www.colegiosanfelix.com\/web\/index.php\/wp-json\/wp\/v2\/posts"}],"about":[{"href":"https:\/\/www.colegiosanfelix.com\/web\/index.php\/wp-json\/wp\/v2\/types\/post"}],"author":[{"embeddable":true,"href":"https:\/\/www.colegiosanfelix.com\/web\/index.php\/wp-json\/wp\/v2\/users\/1"}],"replies":[{"embeddable":true,"href":"https:\/\/www.colegiosanfelix.com\/web\/index.php\/wp-json\/wp\/v2\/comments?post=3995"}],"version-history":[{"count":0,"href":"https:\/\/www.colegiosanfelix.com\/web\/index.php\/wp-json\/wp\/v2\/posts\/3995\/revisions"}],"wp:featuredmedia":[{"embeddable":true,"href":"https:\/\/www.colegiosanfelix.com\/web\/index.php\/wp-json\/wp\/v2\/media\/3110"}],"wp:attachment":[{"href":"https:\/\/www.colegiosanfelix.com\/web\/index.php\/wp-json\/wp\/v2\/media?parent=3995"}],"wp:term":[{"taxonomy":"category","embeddable":true,"href":"https:\/\/www.colegiosanfelix.com\/web\/index.php\/wp-json\/wp\/v2\/categories?post=3995"},{"taxonomy":"post_tag","embeddable":true,"href":"https:\/\/www.colegiosanfelix.com\/web\/index.php\/wp-json\/wp\/v2\/tags?post=3995"}],"curies":[{"name":"wp","href":"https:\/\/api.w.org\/{rel}","templated":true}]}}