{"id":4155,"date":"2021-02-08T21:23:44","date_gmt":"2021-02-08T20:23:44","guid":{"rendered":"https:\/\/www.colegiosanfelix.com\/web\/?p=4155"},"modified":"2021-02-08T21:24:24","modified_gmt":"2021-02-08T20:24:24","slug":"resumen-medidas-escolares-anti-covid19","status":"publish","type":"post","link":"https:\/\/www.colegiosanfelix.com\/web\/index.php\/2021\/02\/08\/resumen-medidas-escolares-anti-covid19\/","title":{"rendered":"Resumen Medidas Escolares Anti-CoVid19"},"content":{"rendered":"\n<div class=\"wp-block-file\"><a href=\"https:\/\/www.colegiosanfelix.com\/web\/wp-content\/uploads\/2021\/02\/resumen-medidas-1.pdf\">Resumen medidas.pdf<\/a><a href=\"https:\/\/www.colegiosanfelix.com\/web\/wp-content\/uploads\/2021\/02\/resumen-medidas-1.pdf\" class=\"wp-block-file__button\" download>Descarga<\/a><\/div>\n\n\n\n<p>Os hacemos part\u00edcipes de la actualizaci\u00f3n de medidas en el \u00e1mbito escolar para prevenir contagios y contribuir a erradicar la pandemia que estamos padeciendo.<\/p>\n\n\n\n<p>Estas medidas han sido elaboradas por el Comit\u00e9 T\u00e9cnico de Educaci\u00f3n y Salud de la Consejer\u00eda de Educaci\u00f3n.<\/p>\n","protected":false},"excerpt":{"rendered":"<p>Resumen de medidas para prevenir el aumento de contagios en el \u00e1mbito escolar.<\/p>\n","protected":false},"author":1,"featured_media":4081,"comment_status":"open","ping_status":"closed","sticky":false,"template":"","format":"standard","meta":{"footnotes":""},"categories":[7],"tags":[407,215],"class_list":["post-4155","post","type-post","status-publish","format-standard","has-post-thumbnail","hentry","category-noticias","tag-covid","tag-salud"],"_links":{"self":[{"href":"https:\/\/www.colegiosanfelix.com\/web\/index.php\/wp-json\/wp\/v2\/posts\/4155","targetHints":{"allow":["GET"]}}],"collection":[{"href":"https:\/\/www.colegiosanfelix.com\/web\/index.php\/wp-json\/wp\/v2\/posts"}],"about":[{"href":"https:\/\/www.colegiosanfelix.com\/web\/index.php\/wp-json\/wp\/v2\/types\/post"}],"author":[{"embeddable":true,"href":"https:\/\/www.colegiosanfelix.com\/web\/index.php\/wp-json\/wp\/v2\/users\/1"}],"replies":[{"embeddable":true,"href":"https:\/\/www.colegiosanfelix.com\/web\/index.php\/wp-json\/wp\/v2\/comments?post=4155"}],"version-history":[{"count":0,"href":"https:\/\/www.colegiosanfelix.com\/web\/index.php\/wp-json\/wp\/v2\/posts\/4155\/revisions"}],"wp:featuredmedia":[{"embeddable":true,"href":"https:\/\/www.colegiosanfelix.com\/web\/index.php\/wp-json\/wp\/v2\/media\/4081"}],"wp:attachment":[{"href":"https:\/\/www.colegiosanfelix.com\/web\/index.php\/wp-json\/wp\/v2\/media?parent=4155"}],"wp:term":[{"taxonomy":"category","embeddable":true,"href":"https:\/\/www.colegiosanfelix.com\/web\/index.php\/wp-json\/wp\/v2\/categories?post=4155"},{"taxonomy":"post_tag","embeddable":true,"href":"https:\/\/www.colegiosanfelix.com\/web\/index.php\/wp-json\/wp\/v2\/tags?post=4155"}],"curies":[{"name":"wp","href":"https:\/\/api.w.org\/{rel}","templated":true}]}}