{"id":5087,"date":"2022-12-14T13:08:05","date_gmt":"2022-12-14T12:08:05","guid":{"rendered":"https:\/\/www.colegiosanfelix.com\/web\/?p=5087"},"modified":"2022-12-14T13:08:06","modified_gmt":"2022-12-14T12:08:06","slug":"mercadillo-de-ropa","status":"publish","type":"post","link":"https:\/\/www.colegiosanfelix.com\/web\/index.php\/2022\/12\/14\/mercadillo-de-ropa\/","title":{"rendered":"Mercadillo De Ropa"},"content":{"rendered":"\n<figure class=\"wp-block-image size-large\"><img decoding=\"async\" width=\"617\" height=\"876\" src=\"https:\/\/www.colegiosanfelix.com\/web\/wp-content\/uploads\/2022\/12\/mercadillo.png\" alt=\"\" class=\"wp-image-5088\" srcset=\"https:\/\/www.colegiosanfelix.com\/web\/wp-content\/uploads\/2022\/12\/mercadillo.png 617w, https:\/\/www.colegiosanfelix.com\/web\/wp-content\/uploads\/2022\/12\/mercadillo-501x711.png 501w\" sizes=\"(max-width: 617px) 100vw, 617px\" \/><\/figure>\n\n\n\n<p>Una oportunidad para hacer sitio en el armario o encontrar esa prenda que necesitabas y otra persona ya no se pone. M\u00e1s econ\u00f3mico y m\u00e1s ecol\u00f3gico que comprar ropa nueva. El alumnado de 5\u00ba curso te espera.<\/p>\n","protected":false},"excerpt":{"rendered":"<p>Desde el martes 20 al jueves d\u00eda 22 de diembre en la f\u00e1brica de Ortiz podr\u00e1s dar una segunda vida a la ropa usada que ya no pones. <\/p>\n","protected":false},"author":1,"featured_media":5088,"comment_status":"open","ping_status":"closed","sticky":false,"template":"","format":"standard","meta":{"footnotes":""},"categories":[2],"tags":[],"class_list":["post-5087","post","type-post","status-publish","format-standard","has-post-thumbnail","hentry","category-avisos"],"_links":{"self":[{"href":"https:\/\/www.colegiosanfelix.com\/web\/index.php\/wp-json\/wp\/v2\/posts\/5087","targetHints":{"allow":["GET"]}}],"collection":[{"href":"https:\/\/www.colegiosanfelix.com\/web\/index.php\/wp-json\/wp\/v2\/posts"}],"about":[{"href":"https:\/\/www.colegiosanfelix.com\/web\/index.php\/wp-json\/wp\/v2\/types\/post"}],"author":[{"embeddable":true,"href":"https:\/\/www.colegiosanfelix.com\/web\/index.php\/wp-json\/wp\/v2\/users\/1"}],"replies":[{"embeddable":true,"href":"https:\/\/www.colegiosanfelix.com\/web\/index.php\/wp-json\/wp\/v2\/comments?post=5087"}],"version-history":[{"count":0,"href":"https:\/\/www.colegiosanfelix.com\/web\/index.php\/wp-json\/wp\/v2\/posts\/5087\/revisions"}],"wp:featuredmedia":[{"embeddable":true,"href":"https:\/\/www.colegiosanfelix.com\/web\/index.php\/wp-json\/wp\/v2\/media\/5088"}],"wp:attachment":[{"href":"https:\/\/www.colegiosanfelix.com\/web\/index.php\/wp-json\/wp\/v2\/media?parent=5087"}],"wp:term":[{"taxonomy":"category","embeddable":true,"href":"https:\/\/www.colegiosanfelix.com\/web\/index.php\/wp-json\/wp\/v2\/categories?post=5087"},{"taxonomy":"post_tag","embeddable":true,"href":"https:\/\/www.colegiosanfelix.com\/web\/index.php\/wp-json\/wp\/v2\/tags?post=5087"}],"curies":[{"name":"wp","href":"https:\/\/api.w.org\/{rel}","templated":true}]}}