{"id":5324,"date":"2023-10-17T21:54:35","date_gmt":"2023-10-17T20:54:35","guid":{"rendered":"https:\/\/www.colegiosanfelix.com\/web\/?p=5324"},"modified":"2023-10-17T22:01:39","modified_gmt":"2023-10-17T21:01:39","slug":"100-de-participacion-en-el-record-de-rcp-simultaneo","status":"publish","type":"post","link":"https:\/\/www.colegiosanfelix.com\/web\/index.php\/2023\/10\/17\/100-de-participacion-en-el-record-de-rcp-simultaneo\/","title":{"rendered":"100% de Participaci\u00f3n en el R\u00e9cord de RCP Simult\u00e1neo"},"content":{"rendered":"\n<p>Durante los \u00faltimos d\u00edas en las sesiones de E.F.  hemos estado repasando conceptos b\u00e1sicos de primeros auxilios (c\u00f3mo actuar ante contusiones, cortes, mareos, ca\u00eddas\u2026). El colof\u00f3n a nuestro trabajo en el aula ha sido la participaci\u00f3n en el III R\u00e9cord de RCP Simult\u00e1neo organizado por el \u00e1rea de Medicina Deportiva del Patronato de Deportes de Gij\u00f3n.<\/p>\n\n\n\n<p>En la jornada de ayer todo el alumnado del centro, incluida el aula de maternales (con alumnos de 0 a 3 a\u00f1os), ha demostrado que sabe lo que tiene que hacer en caso de una <strong>parada cardiorrespiratoria,<\/strong> pero no s\u00f3lo eso, algunos compa\u00f1eros y compa\u00f1eras de 6\u00ba curso han divulgado sus conocimientos en esta materia y, desde las 11:30, repasaron con el resto de alumnado c\u00f3mo actuar ante emergencias vitales, como atragantamientos, ca\u00eddas graves, shock anafil\u00e1ctico, etc. Despu\u00e9s, siguiendo sus instrucciones todos hemos realizado la maniobra de<strong> posici\u00f3n lateral de seguridad<\/strong>, para posteriormente unir todas las voces cantando \u201c<em>La canci\u00f3n de la reanimaci\u00f3n<\/em>\u201d. A las 12:00 establecimos conexi\u00f3n en vivo con otros colegios asturianos para practicar durante 2` la maniobra de R.C.P.. <\/p>\n\n\n\n<p>No es la primera vez que nuestro colegio centra sus esfuerzos en la importancia de cuidar a los que nos rodean, dado que en dos ocasiones <a href=\"https:\/\/www.elcomercio.es\/asturias\/mas-concejos\/colegio-felix-candas-20190526012455-ntvo.html\">participamos en los Premios Mimokids<\/a>, consiguiendo llegar a ser espacio cardioprotegido.<\/p>\n\n\n\n<p>Os dejamos un breve v\u00eddeo con algunos momentos de los vividos ayer. Para visualizarlo, haz click sobre la foto.<\/p>\n\n\n\n<figure class=\"wp-block-image size-large is-resized\"><a href=\"https:\/\/educastur-my.sharepoint.com\/:v:\/g\/personal\/juandhc_educastur_org\/EUwyCIPNjzlGnLJaNQUwbTUBm5Ai2FdJ6GhTXJgzcx6s_w?e=wfbFD7\"><img decoding=\"async\" src=\"https:\/\/www.colegiosanfelix.com\/web\/wp-content\/uploads\/2023\/10\/1DE6F3F8-9F44-45DC-A73F-9D38FCFCCA80.jpeg\" alt=\"\" class=\"wp-image-5325\" width=\"741\" height=\"741\" srcset=\"https:\/\/www.colegiosanfelix.com\/web\/wp-content\/uploads\/2023\/10\/1DE6F3F8-9F44-45DC-A73F-9D38FCFCCA80.jpeg 1920w, https:\/\/www.colegiosanfelix.com\/web\/wp-content\/uploads\/2023\/10\/1DE6F3F8-9F44-45DC-A73F-9D38FCFCCA80-711x711.jpeg 711w, https:\/\/www.colegiosanfelix.com\/web\/wp-content\/uploads\/2023\/10\/1DE6F3F8-9F44-45DC-A73F-9D38FCFCCA80-150x150.jpeg 150w, https:\/\/www.colegiosanfelix.com\/web\/wp-content\/uploads\/2023\/10\/1DE6F3F8-9F44-45DC-A73F-9D38FCFCCA80-768x768.jpeg 768w, https:\/\/www.colegiosanfelix.com\/web\/wp-content\/uploads\/2023\/10\/1DE6F3F8-9F44-45DC-A73F-9D38FCFCCA80-1536x1536.jpeg 1536w, https:\/\/www.colegiosanfelix.com\/web\/wp-content\/uploads\/2023\/10\/1DE6F3F8-9F44-45DC-A73F-9D38FCFCCA80-160x160.jpeg 160w, https:\/\/www.colegiosanfelix.com\/web\/wp-content\/uploads\/2023\/10\/1DE6F3F8-9F44-45DC-A73F-9D38FCFCCA80-320x320.jpeg 320w\" sizes=\"(max-width: 741px) 100vw, 741px\" \/><\/a><figcaption>HAZ CLICK SOBRE LA IMAGEN PARA ACCEDER AL V\u00cdDEO<\/figcaption><\/figure>\n","protected":false},"excerpt":{"rendered":"<p>Participaci\u00f3n total de nuestro alumnado para dar visibilidad a la importancia de saber actuar ante una emergencia vital.<\/p>\n","protected":false},"author":1,"featured_media":5325,"comment_status":"open","ping_status":"closed","sticky":false,"template":"","format":"standard","meta":{"footnotes":""},"categories":[133,66],"tags":[],"class_list":["post-5324","post","type-post","status-publish","format-standard","has-post-thumbnail","hentry","category-en-directo","category-trabajos-de-clase"],"_links":{"self":[{"href":"https:\/\/www.colegiosanfelix.com\/web\/index.php\/wp-json\/wp\/v2\/posts\/5324","targetHints":{"allow":["GET"]}}],"collection":[{"href":"https:\/\/www.colegiosanfelix.com\/web\/index.php\/wp-json\/wp\/v2\/posts"}],"about":[{"href":"https:\/\/www.colegiosanfelix.com\/web\/index.php\/wp-json\/wp\/v2\/types\/post"}],"author":[{"embeddable":true,"href":"https:\/\/www.colegiosanfelix.com\/web\/index.php\/wp-json\/wp\/v2\/users\/1"}],"replies":[{"embeddable":true,"href":"https:\/\/www.colegiosanfelix.com\/web\/index.php\/wp-json\/wp\/v2\/comments?post=5324"}],"version-history":[{"count":2,"href":"https:\/\/www.colegiosanfelix.com\/web\/index.php\/wp-json\/wp\/v2\/posts\/5324\/revisions"}],"predecessor-version":[{"id":5328,"href":"https:\/\/www.colegiosanfelix.com\/web\/index.php\/wp-json\/wp\/v2\/posts\/5324\/revisions\/5328"}],"wp:featuredmedia":[{"embeddable":true,"href":"https:\/\/www.colegiosanfelix.com\/web\/index.php\/wp-json\/wp\/v2\/media\/5325"}],"wp:attachment":[{"href":"https:\/\/www.colegiosanfelix.com\/web\/index.php\/wp-json\/wp\/v2\/media?parent=5324"}],"wp:term":[{"taxonomy":"category","embeddable":true,"href":"https:\/\/www.colegiosanfelix.com\/web\/index.php\/wp-json\/wp\/v2\/categories?post=5324"},{"taxonomy":"post_tag","embeddable":true,"href":"https:\/\/www.colegiosanfelix.com\/web\/index.php\/wp-json\/wp\/v2\/tags?post=5324"}],"curies":[{"name":"wp","href":"https:\/\/api.w.org\/{rel}","templated":true}]}}