{"id":5391,"date":"2024-02-16T13:27:05","date_gmt":"2024-02-16T12:27:05","guid":{"rendered":"https:\/\/www.colegiosanfelix.com\/web\/?p=5391"},"modified":"2024-02-16T13:39:19","modified_gmt":"2024-02-16T12:39:19","slug":"5391","status":"publish","type":"post","link":"https:\/\/www.colegiosanfelix.com\/web\/index.php\/2024\/02\/16\/5391\/","title":{"rendered":"Estuvimos el Encuentro Un Siglo de Radio (Cangas del Narcea)"},"content":{"rendered":"\n<p><\/p>\n\n\n\n<p>El jueves 15 de febrero, con motivo del D\u00eda Internacional de la Radio, hemos disfrutado de un encuentro incre\u00edble donde una peque\u00f1a representaci\u00f3n del colegio se lo ha pasado muy bien. <\/p>\n\n\n\n<p>Junto con otras radios escolares, alumnado de quinto de primaria se reuni\u00f3 en el I.E.S. de Cangas del Narcea que actu\u00f3 como anfitri\u00f3n de un evento formidable. La voz de todos se convirti\u00f3 durante hora y media en unas ondas m\u00e1gicas dignas de tal efem\u00e9ride. La radio cumple 100 a\u00f1os y as\u00ed lo hemos celebrado en RqueR. Gracias a todos los organizadores, participantes y colaboradores de evento. <\/p>\n\n\n\n<p>Adentrarnos en el paisaje de Cangas de Narcea ha&nbsp;sido un lujo que no vamos a olvidar.&nbsp;<\/p>\n\n\n\n<figure class=\"wp-block-gallery columns-3 is-cropped wp-block-gallery-1 is-layout-flex wp-block-gallery-is-layout-flex\"><ul class=\"blocks-gallery-grid\"><li class=\"blocks-gallery-item\"><figure><img decoding=\"async\" width=\"1600\" height=\"1200\" src=\"https:\/\/www.colegiosanfelix.com\/web\/wp-content\/uploads\/2024\/02\/PHOTO-2024-02-15-22-04-13-2.jpg\" alt=\"\" data-id=\"5392\" data-full-url=\"https:\/\/www.colegiosanfelix.com\/web\/wp-content\/uploads\/2024\/02\/PHOTO-2024-02-15-22-04-13-2.jpg\" data-link=\"https:\/\/www.colegiosanfelix.com\/web\/?attachment_id=5392\" class=\"wp-image-5392\" srcset=\"https:\/\/www.colegiosanfelix.com\/web\/wp-content\/uploads\/2024\/02\/PHOTO-2024-02-15-22-04-13-2.jpg 1600w, https:\/\/www.colegiosanfelix.com\/web\/wp-content\/uploads\/2024\/02\/PHOTO-2024-02-15-22-04-13-2-711x533.jpg 711w, https:\/\/www.colegiosanfelix.com\/web\/wp-content\/uploads\/2024\/02\/PHOTO-2024-02-15-22-04-13-2-768x576.jpg 768w, https:\/\/www.colegiosanfelix.com\/web\/wp-content\/uploads\/2024\/02\/PHOTO-2024-02-15-22-04-13-2-1536x1152.jpg 1536w\" sizes=\"(max-width: 1600px) 100vw, 1600px\" \/><\/figure><\/li><li class=\"blocks-gallery-item\"><figure><img decoding=\"async\" width=\"1600\" height=\"1200\" src=\"https:\/\/www.colegiosanfelix.com\/web\/wp-content\/uploads\/2024\/02\/PHOTO-2024-02-15-22-04-13-3.jpg\" alt=\"\" data-id=\"5393\" data-full-url=\"https:\/\/www.colegiosanfelix.com\/web\/wp-content\/uploads\/2024\/02\/PHOTO-2024-02-15-22-04-13-3.jpg\" data-link=\"https:\/\/www.colegiosanfelix.com\/web\/?attachment_id=5393\" class=\"wp-image-5393\" srcset=\"https:\/\/www.colegiosanfelix.com\/web\/wp-content\/uploads\/2024\/02\/PHOTO-2024-02-15-22-04-13-3.jpg 1600w, https:\/\/www.colegiosanfelix.com\/web\/wp-content\/uploads\/2024\/02\/PHOTO-2024-02-15-22-04-13-3-711x533.jpg 711w, https:\/\/www.colegiosanfelix.com\/web\/wp-content\/uploads\/2024\/02\/PHOTO-2024-02-15-22-04-13-3-768x576.jpg 768w, https:\/\/www.colegiosanfelix.com\/web\/wp-content\/uploads\/2024\/02\/PHOTO-2024-02-15-22-04-13-3-1536x1152.jpg 1536w\" sizes=\"(max-width: 1600px) 100vw, 1600px\" \/><\/figure><\/li><li class=\"blocks-gallery-item\"><figure><img decoding=\"async\" width=\"1600\" height=\"1200\" src=\"https:\/\/www.colegiosanfelix.com\/web\/wp-content\/uploads\/2024\/02\/PHOTO-2024-02-15-22-04-13-4.jpg\" alt=\"\" data-id=\"5394\" data-full-url=\"https:\/\/www.colegiosanfelix.com\/web\/wp-content\/uploads\/2024\/02\/PHOTO-2024-02-15-22-04-13-4.jpg\" data-link=\"https:\/\/www.colegiosanfelix.com\/web\/?attachment_id=5394\" class=\"wp-image-5394\" srcset=\"https:\/\/www.colegiosanfelix.com\/web\/wp-content\/uploads\/2024\/02\/PHOTO-2024-02-15-22-04-13-4.jpg 1600w, https:\/\/www.colegiosanfelix.com\/web\/wp-content\/uploads\/2024\/02\/PHOTO-2024-02-15-22-04-13-4-711x533.jpg 711w, https:\/\/www.colegiosanfelix.com\/web\/wp-content\/uploads\/2024\/02\/PHOTO-2024-02-15-22-04-13-4-768x576.jpg 768w, https:\/\/www.colegiosanfelix.com\/web\/wp-content\/uploads\/2024\/02\/PHOTO-2024-02-15-22-04-13-4-1536x1152.jpg 1536w\" sizes=\"(max-width: 1600px) 100vw, 1600px\" \/><\/figure><\/li><li class=\"blocks-gallery-item\"><figure><img decoding=\"async\" width=\"1600\" height=\"1200\" src=\"https:\/\/www.colegiosanfelix.com\/web\/wp-content\/uploads\/2024\/02\/PHOTO-2024-02-15-22-04-13-5.jpg\" alt=\"\" data-id=\"5395\" data-full-url=\"https:\/\/www.colegiosanfelix.com\/web\/wp-content\/uploads\/2024\/02\/PHOTO-2024-02-15-22-04-13-5.jpg\" data-link=\"https:\/\/www.colegiosanfelix.com\/web\/?attachment_id=5395\" class=\"wp-image-5395\" srcset=\"https:\/\/www.colegiosanfelix.com\/web\/wp-content\/uploads\/2024\/02\/PHOTO-2024-02-15-22-04-13-5.jpg 1600w, https:\/\/www.colegiosanfelix.com\/web\/wp-content\/uploads\/2024\/02\/PHOTO-2024-02-15-22-04-13-5-711x533.jpg 711w, https:\/\/www.colegiosanfelix.com\/web\/wp-content\/uploads\/2024\/02\/PHOTO-2024-02-15-22-04-13-5-768x576.jpg 768w, https:\/\/www.colegiosanfelix.com\/web\/wp-content\/uploads\/2024\/02\/PHOTO-2024-02-15-22-04-13-5-1536x1152.jpg 1536w\" sizes=\"(max-width: 1600px) 100vw, 1600px\" \/><\/figure><\/li><li class=\"blocks-gallery-item\"><figure><img decoding=\"async\" width=\"1200\" height=\"1600\" src=\"https:\/\/www.colegiosanfelix.com\/web\/wp-content\/uploads\/2024\/02\/PHOTO-2024-02-15-22-04-13-6.jpg\" alt=\"\" data-id=\"5396\" data-full-url=\"https:\/\/www.colegiosanfelix.com\/web\/wp-content\/uploads\/2024\/02\/PHOTO-2024-02-15-22-04-13-6.jpg\" data-link=\"https:\/\/www.colegiosanfelix.com\/web\/?attachment_id=5396\" class=\"wp-image-5396\" srcset=\"https:\/\/www.colegiosanfelix.com\/web\/wp-content\/uploads\/2024\/02\/PHOTO-2024-02-15-22-04-13-6.jpg 1200w, https:\/\/www.colegiosanfelix.com\/web\/wp-content\/uploads\/2024\/02\/PHOTO-2024-02-15-22-04-13-6-533x711.jpg 533w, https:\/\/www.colegiosanfelix.com\/web\/wp-content\/uploads\/2024\/02\/PHOTO-2024-02-15-22-04-13-6-768x1024.jpg 768w, https:\/\/www.colegiosanfelix.com\/web\/wp-content\/uploads\/2024\/02\/PHOTO-2024-02-15-22-04-13-6-1152x1536.jpg 1152w\" sizes=\"(max-width: 1200px) 100vw, 1200px\" \/><\/figure><\/li><li class=\"blocks-gallery-item\"><figure><img decoding=\"async\" width=\"1200\" height=\"1600\" src=\"https:\/\/www.colegiosanfelix.com\/web\/wp-content\/uploads\/2024\/02\/PHOTO-2024-02-15-22-04-13-7.jpg\" alt=\"\" data-id=\"5397\" data-full-url=\"https:\/\/www.colegiosanfelix.com\/web\/wp-content\/uploads\/2024\/02\/PHOTO-2024-02-15-22-04-13-7.jpg\" data-link=\"https:\/\/www.colegiosanfelix.com\/web\/?attachment_id=5397\" class=\"wp-image-5397\" srcset=\"https:\/\/www.colegiosanfelix.com\/web\/wp-content\/uploads\/2024\/02\/PHOTO-2024-02-15-22-04-13-7.jpg 1200w, https:\/\/www.colegiosanfelix.com\/web\/wp-content\/uploads\/2024\/02\/PHOTO-2024-02-15-22-04-13-7-533x711.jpg 533w, https:\/\/www.colegiosanfelix.com\/web\/wp-content\/uploads\/2024\/02\/PHOTO-2024-02-15-22-04-13-7-768x1024.jpg 768w, https:\/\/www.colegiosanfelix.com\/web\/wp-content\/uploads\/2024\/02\/PHOTO-2024-02-15-22-04-13-7-1152x1536.jpg 1152w\" sizes=\"(max-width: 1200px) 100vw, 1200px\" \/><\/figure><\/li><li class=\"blocks-gallery-item\"><figure><img decoding=\"async\" width=\"1200\" height=\"1600\" src=\"https:\/\/www.colegiosanfelix.com\/web\/wp-content\/uploads\/2024\/02\/PHOTO-2024-02-15-22-04-13-8.jpg\" alt=\"\" data-id=\"5398\" data-full-url=\"https:\/\/www.colegiosanfelix.com\/web\/wp-content\/uploads\/2024\/02\/PHOTO-2024-02-15-22-04-13-8.jpg\" data-link=\"https:\/\/www.colegiosanfelix.com\/web\/?attachment_id=5398\" class=\"wp-image-5398\" srcset=\"https:\/\/www.colegiosanfelix.com\/web\/wp-content\/uploads\/2024\/02\/PHOTO-2024-02-15-22-04-13-8.jpg 1200w, https:\/\/www.colegiosanfelix.com\/web\/wp-content\/uploads\/2024\/02\/PHOTO-2024-02-15-22-04-13-8-533x711.jpg 533w, https:\/\/www.colegiosanfelix.com\/web\/wp-content\/uploads\/2024\/02\/PHOTO-2024-02-15-22-04-13-8-768x1024.jpg 768w, https:\/\/www.colegiosanfelix.com\/web\/wp-content\/uploads\/2024\/02\/PHOTO-2024-02-15-22-04-13-8-1152x1536.jpg 1152w\" sizes=\"(max-width: 1200px) 100vw, 1200px\" \/><\/figure><\/li><li class=\"blocks-gallery-item\"><figure><img decoding=\"async\" width=\"1200\" height=\"1600\" src=\"https:\/\/www.colegiosanfelix.com\/web\/wp-content\/uploads\/2024\/02\/PHOTO-2024-02-15-22-04-13-9.jpg\" alt=\"\" data-id=\"5399\" data-full-url=\"https:\/\/www.colegiosanfelix.com\/web\/wp-content\/uploads\/2024\/02\/PHOTO-2024-02-15-22-04-13-9.jpg\" data-link=\"https:\/\/www.colegiosanfelix.com\/web\/?attachment_id=5399\" class=\"wp-image-5399\" srcset=\"https:\/\/www.colegiosanfelix.com\/web\/wp-content\/uploads\/2024\/02\/PHOTO-2024-02-15-22-04-13-9.jpg 1200w, https:\/\/www.colegiosanfelix.com\/web\/wp-content\/uploads\/2024\/02\/PHOTO-2024-02-15-22-04-13-9-533x711.jpg 533w, https:\/\/www.colegiosanfelix.com\/web\/wp-content\/uploads\/2024\/02\/PHOTO-2024-02-15-22-04-13-9-768x1024.jpg 768w, https:\/\/www.colegiosanfelix.com\/web\/wp-content\/uploads\/2024\/02\/PHOTO-2024-02-15-22-04-13-9-1152x1536.jpg 1152w\" sizes=\"(max-width: 1200px) 100vw, 1200px\" \/><\/figure><\/li><li class=\"blocks-gallery-item\"><figure><img decoding=\"async\" width=\"1600\" height=\"1200\" src=\"https:\/\/www.colegiosanfelix.com\/web\/wp-content\/uploads\/2024\/02\/PHOTO-2024-02-15-22-04-13.jpg\" alt=\"\" data-id=\"5400\" data-full-url=\"https:\/\/www.colegiosanfelix.com\/web\/wp-content\/uploads\/2024\/02\/PHOTO-2024-02-15-22-04-13.jpg\" data-link=\"https:\/\/www.colegiosanfelix.com\/web\/?attachment_id=5400\" class=\"wp-image-5400\" srcset=\"https:\/\/www.colegiosanfelix.com\/web\/wp-content\/uploads\/2024\/02\/PHOTO-2024-02-15-22-04-13.jpg 1600w, https:\/\/www.colegiosanfelix.com\/web\/wp-content\/uploads\/2024\/02\/PHOTO-2024-02-15-22-04-13-711x533.jpg 711w, https:\/\/www.colegiosanfelix.com\/web\/wp-content\/uploads\/2024\/02\/PHOTO-2024-02-15-22-04-13-768x576.jpg 768w, https:\/\/www.colegiosanfelix.com\/web\/wp-content\/uploads\/2024\/02\/PHOTO-2024-02-15-22-04-13-1536x1152.jpg 1536w\" sizes=\"(max-width: 1600px) 100vw, 1600px\" \/><\/figure><\/li><\/ul><figcaption class=\"blocks-gallery-caption\">Im\u00e1genes del encuentro en Cangas del Narcea<\/figcaption><\/figure>\n\n\n\n<p>Aqu\u00ed ten\u00e9is los enlaces a la repercusi\u00f3n en los medios de este evento escolar:<\/p>\n\n\n\n<p><a href=\"https:\/\/www.ondacero.es\/emisoras\/asturias\/cangasnarcea\/mas-uno-cangas-narcea-15022024-especial-rquer_2024021565ce4fa682085c00017fddc3.html\" data-type=\"URL\" data-id=\"https:\/\/www.ondacero.es\/emisoras\/asturias\/cangasnarcea\/mas-uno-cangas-narcea-15022024-especial-rquer_2024021565ce4fa682085c00017fddc3.html\">https:\/\/www.ondacero.es\/emisoras\/asturias\/cangasnarcea\/mas-uno-cangas-narcea-15022024-especial-rquer_2024021565ce4fa682085c00017fddc3.html<\/a><\/p>\n\n\n\n<p><a href=\"https:\/\/www.rtpa.es\/noticias-sociedad:Encuentro-de-la-red-de-radios-educativas-de-los-centros-escolares-de-Asturias_111708000474.html\">https:\/\/www.rtpa.es\/noticias-sociedad:Encuentro-de-la-red-de-radios-educativas-de-los-centros-escolares-de-Asturias_111708000474.html<\/a><\/p>\n\n\n\n<p><\/p>\n","protected":false},"excerpt":{"rendered":"<p>Hasta el suroccidente asturiano se desplaz\u00f3 un grupo de 5\u00ba curso que quiso aportar el conocimiento y experiencia  del San F\u00e9lix en radios escolares. Una jornada inolvidable para poner broche de oro a un siglo de radio.<\/p>\n","protected":false},"author":1,"featured_media":5401,"comment_status":"open","ping_status":"closed","sticky":false,"template":"","format":"standard","meta":{"footnotes":""},"categories":[8,13],"tags":[475,75],"class_list":["post-5391","post","type-post","status-publish","format-standard","has-post-thumbnail","hentry","category-proyectos","category-taller-de-radio","tag-encuentro-escolar","tag-radio"],"_links":{"self":[{"href":"https:\/\/www.colegiosanfelix.com\/web\/index.php\/wp-json\/wp\/v2\/posts\/5391","targetHints":{"allow":["GET"]}}],"collection":[{"href":"https:\/\/www.colegiosanfelix.com\/web\/index.php\/wp-json\/wp\/v2\/posts"}],"about":[{"href":"https:\/\/www.colegiosanfelix.com\/web\/index.php\/wp-json\/wp\/v2\/types\/post"}],"author":[{"embeddable":true,"href":"https:\/\/www.colegiosanfelix.com\/web\/index.php\/wp-json\/wp\/v2\/users\/1"}],"replies":[{"embeddable":true,"href":"https:\/\/www.colegiosanfelix.com\/web\/index.php\/wp-json\/wp\/v2\/comments?post=5391"}],"version-history":[{"count":4,"href":"https:\/\/www.colegiosanfelix.com\/web\/index.php\/wp-json\/wp\/v2\/posts\/5391\/revisions"}],"predecessor-version":[{"id":5408,"href":"https:\/\/www.colegiosanfelix.com\/web\/index.php\/wp-json\/wp\/v2\/posts\/5391\/revisions\/5408"}],"wp:featuredmedia":[{"embeddable":true,"href":"https:\/\/www.colegiosanfelix.com\/web\/index.php\/wp-json\/wp\/v2\/media\/5401"}],"wp:attachment":[{"href":"https:\/\/www.colegiosanfelix.com\/web\/index.php\/wp-json\/wp\/v2\/media?parent=5391"}],"wp:term":[{"taxonomy":"category","embeddable":true,"href":"https:\/\/www.colegiosanfelix.com\/web\/index.php\/wp-json\/wp\/v2\/categories?post=5391"},{"taxonomy":"post_tag","embeddable":true,"href":"https:\/\/www.colegiosanfelix.com\/web\/index.php\/wp-json\/wp\/v2\/tags?post=5391"}],"curies":[{"name":"wp","href":"https:\/\/api.w.org\/{rel}","templated":true}]}}