{"id":5639,"date":"2025-01-29T13:29:17","date_gmt":"2025-01-29T12:29:17","guid":{"rendered":"https:\/\/www.colegiosanfelix.com\/web\/?p=5639"},"modified":"2025-01-30T13:08:57","modified_gmt":"2025-01-30T12:08:57","slug":"graffiti","status":"publish","type":"post","link":"https:\/\/www.colegiosanfelix.com\/web\/index.php\/2025\/01\/29\/graffiti\/","title":{"rendered":"Graffiti"},"content":{"rendered":"\n<p>\u00bfSab\u00edas que la palabra <em>graffiti <\/em>proviene del t\u00e9rmino italiano <em>graffito<\/em>, que quiere decir inscripci\u00f3n rayada sobre un muro? Ya desde la antig\u00fcedad las inscripciones y marcas en lugares p\u00fablicos son muy populares y diversas.<\/p>\n\n\n\n<p>Nuestro colegio est\u00e1 lleno de inscripciones, mensajes y obras art\u00edsticas. La \u00faltima, realizada con la t\u00e9cnica de pintura en aerosol, da la bienvenida a nuestros visitantes con un lema profundo y sincero: <strong>Creamos Nuestro Futuro.<\/strong><\/p>\n\n\n\n<p>Esta pintura conjuga a la perfecci\u00f3n con unos azulejos realizados por alumnado del colegio bajo la tutela de la a\u00f1orada Rita Prendes. En su d\u00eda el alumnado dise\u00f1\u00f3 la composici\u00f3n de unos peque\u00f1os azulejos individuales, que colocados en su conjunto ponen el nombre del colegio. Este curso, gracias a un programa del Ayuntamiento de Carre\u00f1o, se ha a\u00f1adido color y modernidad a ese rinconcito del colegio con una pintura alegre y vistosa. \u00a1Esperamos que os guste!<\/p>\n\n\n\n<figure class=\"wp-block-image size-large\"><img decoding=\"async\" width=\"1920\" height=\"1339\" src=\"https:\/\/www.colegiosanfelix.com\/web\/wp-content\/uploads\/2025\/01\/B7D058F6-35BC-4CB6-ACFE-3E108E7E573F.jpeg\" alt=\"\" class=\"wp-image-5641\" srcset=\"https:\/\/www.colegiosanfelix.com\/web\/wp-content\/uploads\/2025\/01\/B7D058F6-35BC-4CB6-ACFE-3E108E7E573F.jpeg 1920w, https:\/\/www.colegiosanfelix.com\/web\/wp-content\/uploads\/2025\/01\/B7D058F6-35BC-4CB6-ACFE-3E108E7E573F-711x496.jpeg 711w, https:\/\/www.colegiosanfelix.com\/web\/wp-content\/uploads\/2025\/01\/B7D058F6-35BC-4CB6-ACFE-3E108E7E573F-768x536.jpeg 768w, https:\/\/www.colegiosanfelix.com\/web\/wp-content\/uploads\/2025\/01\/B7D058F6-35BC-4CB6-ACFE-3E108E7E573F-1536x1071.jpeg 1536w\" sizes=\"(max-width: 1920px) 100vw, 1920px\" \/><\/figure>\n","protected":false},"excerpt":{"rendered":"<p>Una nueva pintura da vida y color a la entrada del colegio. <\/p>\n","protected":false},"author":1,"featured_media":5641,"comment_status":"open","ping_status":"closed","sticky":false,"template":"","format":"standard","meta":{"footnotes":""},"categories":[3,7],"tags":[22,343,488,123],"class_list":["post-5639","post","type-post","status-publish","format-standard","has-post-thumbnail","hentry","category-destacados","category-noticias","tag-arte","tag-decoracion","tag-graffiti","tag-pintura"],"_links":{"self":[{"href":"https:\/\/www.colegiosanfelix.com\/web\/index.php\/wp-json\/wp\/v2\/posts\/5639","targetHints":{"allow":["GET"]}}],"collection":[{"href":"https:\/\/www.colegiosanfelix.com\/web\/index.php\/wp-json\/wp\/v2\/posts"}],"about":[{"href":"https:\/\/www.colegiosanfelix.com\/web\/index.php\/wp-json\/wp\/v2\/types\/post"}],"author":[{"embeddable":true,"href":"https:\/\/www.colegiosanfelix.com\/web\/index.php\/wp-json\/wp\/v2\/users\/1"}],"replies":[{"embeddable":true,"href":"https:\/\/www.colegiosanfelix.com\/web\/index.php\/wp-json\/wp\/v2\/comments?post=5639"}],"version-history":[{"count":3,"href":"https:\/\/www.colegiosanfelix.com\/web\/index.php\/wp-json\/wp\/v2\/posts\/5639\/revisions"}],"predecessor-version":[{"id":5643,"href":"https:\/\/www.colegiosanfelix.com\/web\/index.php\/wp-json\/wp\/v2\/posts\/5639\/revisions\/5643"}],"wp:featuredmedia":[{"embeddable":true,"href":"https:\/\/www.colegiosanfelix.com\/web\/index.php\/wp-json\/wp\/v2\/media\/5641"}],"wp:attachment":[{"href":"https:\/\/www.colegiosanfelix.com\/web\/index.php\/wp-json\/wp\/v2\/media?parent=5639"}],"wp:term":[{"taxonomy":"category","embeddable":true,"href":"https:\/\/www.colegiosanfelix.com\/web\/index.php\/wp-json\/wp\/v2\/categories?post=5639"},{"taxonomy":"post_tag","embeddable":true,"href":"https:\/\/www.colegiosanfelix.com\/web\/index.php\/wp-json\/wp\/v2\/tags?post=5639"}],"curies":[{"name":"wp","href":"https:\/\/api.w.org\/{rel}","templated":true}]}}