{"id":5663,"date":"2025-02-16T15:27:06","date_gmt":"2025-02-16T14:27:06","guid":{"rendered":"https:\/\/www.colegiosanfelix.com\/web\/?p=5663"},"modified":"2025-02-16T15:27:07","modified_gmt":"2025-02-16T14:27:07","slug":"el-cine-de-siempre","status":"publish","type":"post","link":"https:\/\/www.colegiosanfelix.com\/web\/index.php\/2025\/02\/16\/el-cine-de-siempre\/","title":{"rendered":"El Cine de Siempre"},"content":{"rendered":"\n<p>Nueva sesi\u00f3n, como en cursos anteriores, de cine para escolares en el Teatro Prendes.<\/p>\n\n\n\n<p> El pasado jueves 13 de febrero el alumnado de 5\u00ba y 6\u00ba curso se desplaz\u00f3 hasta el Prendes para acercarse al cine cl\u00e1sico de la mano del c\u00e9lebre director Jacques Tati. Siendo \u00e9sta su primera obra en color. <\/p>\n\n\n\n<p>La pel\u00edcula, titulada <em>Mon Oncle<\/em> (1958), presenta a la familia Arpel, obsesionada con las apariencias, el consumismo, la tecnolog\u00eda y el dise\u00f1o. Entretanto, su peque\u00f1o hijo G\u00e9rard no encuentra divertimento en las modernidades que tanto atraen a sus padres, y prefiere disfrutar de cosas m\u00e1s triviales, como jugar en la calle o pasar ratos con su t\u00edo, Monsier Hulot.<\/p>\n\n\n\n<p>Como siempre, es un lujo al alcance de pocas escuelas, optar a un recurso educativo tan interesante como el cine, aunando historia, cultura, lenguaje y, como no, arte. Agradecemos la cuidada selecci\u00f3n filmogr\u00e1fica, as\u00ed como la entretenida presentaci\u00f3n de la misma, al director del Teatro Prendes, Alain Fern\u00e1ndez.<\/p>\n\n\n\n<figure class=\"wp-block-image size-large\"><img decoding=\"async\" width=\"1920\" height=\"1440\" src=\"https:\/\/www.colegiosanfelix.com\/web\/wp-content\/uploads\/2025\/02\/PHOTO-2025-02-16-15-23-28-1.jpg\" alt=\"\" class=\"wp-image-5668\" srcset=\"https:\/\/www.colegiosanfelix.com\/web\/wp-content\/uploads\/2025\/02\/PHOTO-2025-02-16-15-23-28-1.jpg 1920w, https:\/\/www.colegiosanfelix.com\/web\/wp-content\/uploads\/2025\/02\/PHOTO-2025-02-16-15-23-28-1-711x533.jpg 711w, https:\/\/www.colegiosanfelix.com\/web\/wp-content\/uploads\/2025\/02\/PHOTO-2025-02-16-15-23-28-1-768x576.jpg 768w, https:\/\/www.colegiosanfelix.com\/web\/wp-content\/uploads\/2025\/02\/PHOTO-2025-02-16-15-23-28-1-1536x1152.jpg 1536w\" sizes=\"(max-width: 1920px) 100vw, 1920px\" \/><\/figure>\n","protected":false},"excerpt":{"rendered":"<p>Volvemos al Prendes a disfrutar de algo m\u00e1s que una pel\u00edcula.<\/p>\n","protected":false},"author":1,"featured_media":5666,"comment_status":"open","ping_status":"closed","sticky":false,"template":"","format":"standard","meta":{"footnotes":""},"categories":[7],"tags":[460,491,132],"class_list":["post-5663","post","type-post","status-publish","format-standard","has-post-thumbnail","hentry","category-noticias","tag-cine-clasico","tag-prendes","tag-teatro-prendes"],"_links":{"self":[{"href":"https:\/\/www.colegiosanfelix.com\/web\/index.php\/wp-json\/wp\/v2\/posts\/5663","targetHints":{"allow":["GET"]}}],"collection":[{"href":"https:\/\/www.colegiosanfelix.com\/web\/index.php\/wp-json\/wp\/v2\/posts"}],"about":[{"href":"https:\/\/www.colegiosanfelix.com\/web\/index.php\/wp-json\/wp\/v2\/types\/post"}],"author":[{"embeddable":true,"href":"https:\/\/www.colegiosanfelix.com\/web\/index.php\/wp-json\/wp\/v2\/users\/1"}],"replies":[{"embeddable":true,"href":"https:\/\/www.colegiosanfelix.com\/web\/index.php\/wp-json\/wp\/v2\/comments?post=5663"}],"version-history":[{"count":1,"href":"https:\/\/www.colegiosanfelix.com\/web\/index.php\/wp-json\/wp\/v2\/posts\/5663\/revisions"}],"predecessor-version":[{"id":5669,"href":"https:\/\/www.colegiosanfelix.com\/web\/index.php\/wp-json\/wp\/v2\/posts\/5663\/revisions\/5669"}],"wp:featuredmedia":[{"embeddable":true,"href":"https:\/\/www.colegiosanfelix.com\/web\/index.php\/wp-json\/wp\/v2\/media\/5666"}],"wp:attachment":[{"href":"https:\/\/www.colegiosanfelix.com\/web\/index.php\/wp-json\/wp\/v2\/media?parent=5663"}],"wp:term":[{"taxonomy":"category","embeddable":true,"href":"https:\/\/www.colegiosanfelix.com\/web\/index.php\/wp-json\/wp\/v2\/categories?post=5663"},{"taxonomy":"post_tag","embeddable":true,"href":"https:\/\/www.colegiosanfelix.com\/web\/index.php\/wp-json\/wp\/v2\/tags?post=5663"}],"curies":[{"name":"wp","href":"https:\/\/api.w.org\/{rel}","templated":true}]}}