{"id":6241,"date":"2026-04-28T18:50:47","date_gmt":"2026-04-28T17:50:47","guid":{"rendered":"https:\/\/www.colegiosanfelix.com\/web\/?p=6241"},"modified":"2026-04-28T18:52:12","modified_gmt":"2026-04-28T17:52:12","slug":"el-eclipse","status":"publish","type":"post","link":"https:\/\/www.colegiosanfelix.com\/web\/index.php\/2026\/04\/28\/el-eclipse\/","title":{"rendered":"EL ECLIPSE"},"content":{"rendered":"\n<p>El alumnado de 6\u00ba ha realizado una investigaci\u00f3n muy interesante sobre el eclipse solar que podremos disfrutar el pr\u00f3ximo 12 de agosto. Han preparado informaci\u00f3n y recomendaciones muy \u00fatiles para que todas las familias podamos vivir ese momento con seguridad, prestando especial atenci\u00f3n a los consejos para observarlo sin peligro.<\/p>\n\n\n\n<p>Adem\u00e1s, nos explican que el pr\u00f3ximo 29 de abril tendremos una fecha muy especial: el llamado \u201cd\u00eda gemelo del sol\u201d. El lugar donde veamos ma\u00f1ana el sol en el cielo ser\u00e1 el mismo punto donde se situar\u00e1 durante el eclipse de agosto, por lo que ser\u00e1 una buena referencia para prepararnos con antelaci\u00f3n.<\/p>\n\n\n\n<p>\u00a1Os animamos a estar muy atentos y a disfrutar aprendiendo en familia!<\/p>\n\n\n\n<p><a href=\"https:\/\/educastur-my.sharepoint.com\/:v:\/g\/personal\/mast_educastur_org\/IQAaXHtgVdY2T4NZrC9usMq_AT7pqGDBbTrFxul4gRd2gsQ?nav=eyJyZWZlcnJhbEluZm8iOnsicmVmZXJyYWxBcHAiOiJPbmVEcml2ZUZvckJ1c2luZXNzIiwicmVmZXJyYWxBcHBQbGF0Zm9ybSI6IldlYiIsInJlZmVycmFsTW9kZSI6InZpZXciLCJyZWZlcnJhbFZpZXciOiJNeUZpbGVzTGlua0NvcHkifX0&amp;e=FR2Pel&amp;referrer=Outlook.Win32&amp;referrerScenario=email-linkwithoutembed\">V\u00cdDEO<\/a><\/p>\n\n\n\n<p><\/p>\n","protected":false},"excerpt":{"rendered":"<p>El alumnado de 6\u00ba ha realizado una investigaci\u00f3n muy interesante sobre el eclipse solar que podremos disfrutar el pr\u00f3ximo 12 de agosto. Han preparado informaci\u00f3n y recomendaciones muy \u00fatiles para que todas las familias podamos&#46;&#46;&#46;<\/p>\n","protected":false},"author":7,"featured_media":6242,"comment_status":"open","ping_status":"closed","sticky":false,"template":"","format":"standard","meta":{"footnotes":""},"categories":[4],"tags":[],"class_list":["post-6241","post","type-post","status-publish","format-standard","has-post-thumbnail","hentry","category-familias"],"_links":{"self":[{"href":"https:\/\/www.colegiosanfelix.com\/web\/index.php\/wp-json\/wp\/v2\/posts\/6241","targetHints":{"allow":["GET"]}}],"collection":[{"href":"https:\/\/www.colegiosanfelix.com\/web\/index.php\/wp-json\/wp\/v2\/posts"}],"about":[{"href":"https:\/\/www.colegiosanfelix.com\/web\/index.php\/wp-json\/wp\/v2\/types\/post"}],"author":[{"embeddable":true,"href":"https:\/\/www.colegiosanfelix.com\/web\/index.php\/wp-json\/wp\/v2\/users\/7"}],"replies":[{"embeddable":true,"href":"https:\/\/www.colegiosanfelix.com\/web\/index.php\/wp-json\/wp\/v2\/comments?post=6241"}],"version-history":[{"count":2,"href":"https:\/\/www.colegiosanfelix.com\/web\/index.php\/wp-json\/wp\/v2\/posts\/6241\/revisions"}],"predecessor-version":[{"id":6244,"href":"https:\/\/www.colegiosanfelix.com\/web\/index.php\/wp-json\/wp\/v2\/posts\/6241\/revisions\/6244"}],"wp:featuredmedia":[{"embeddable":true,"href":"https:\/\/www.colegiosanfelix.com\/web\/index.php\/wp-json\/wp\/v2\/media\/6242"}],"wp:attachment":[{"href":"https:\/\/www.colegiosanfelix.com\/web\/index.php\/wp-json\/wp\/v2\/media?parent=6241"}],"wp:term":[{"taxonomy":"category","embeddable":true,"href":"https:\/\/www.colegiosanfelix.com\/web\/index.php\/wp-json\/wp\/v2\/categories?post=6241"},{"taxonomy":"post_tag","embeddable":true,"href":"https:\/\/www.colegiosanfelix.com\/web\/index.php\/wp-json\/wp\/v2\/tags?post=6241"}],"curies":[{"name":"wp","href":"https:\/\/api.w.org\/{rel}","templated":true}]}}