{"id":653,"date":"2015-11-12T23:49:46","date_gmt":"2015-11-12T21:49:46","guid":{"rendered":"https:\/\/www.colegiosanfelix.com\/web\/?p=653"},"modified":"2015-11-23T21:31:39","modified_gmt":"2015-11-23T19:31:39","slug":"nuevo-programa-de-radio","status":"publish","type":"post","link":"https:\/\/www.colegiosanfelix.com\/web\/index.php\/2015\/11\/12\/nuevo-programa-de-radio\/","title":{"rendered":"Nuevo programa de radio"},"content":{"rendered":"<p><img decoding=\"async\" class=\"alignnone size-full wp-image-654\" src=\"https:\/\/www.colegiosanfelix.com\/web\/wp-content\/uploads\/2015\/11\/programa01.jpg\" alt=\"programa01\" width=\"720\" height=\"340\" srcset=\"https:\/\/www.colegiosanfelix.com\/web\/wp-content\/uploads\/2015\/11\/programa01.jpg 720w, https:\/\/www.colegiosanfelix.com\/web\/wp-content\/uploads\/2015\/11\/programa01-300x142.jpg 300w, https:\/\/www.colegiosanfelix.com\/web\/wp-content\/uploads\/2015\/11\/programa01-520x245.jpg 520w\" sizes=\"(max-width: 720px) 100vw, 720px\" \/><\/p>\n<p>El pasado 3 de noviembre se emiti\u00f3 el primer programa de radio de este curso, dedicado en esta ocasi\u00f3n a las costumbres y tradiciones:<\/p>\n<audio class=\"wp-audio-shortcode\" id=\"audio-653-1\" preload=\"none\" style=\"width: 100%;\" controls=\"controls\"><source type=\"audio\/mpeg\" src=\"https:\/\/www.aulastic.com\/radio\/programa1-15-16\/0.mp3?_=1\" \/><a href=\"https:\/\/www.aulastic.com\/radio\/programa1-15-16\/0.mp3\">https:\/\/www.aulastic.com\/radio\/programa1-15-16\/0.mp3<\/a><\/audio>\n<p>&nbsp;<\/p>\n<p>Presentaron el programa Ana Deva, de 6\u00ba A y Eduardo, de 6\u00aa B. El t\u00e9cnico de sonido fue Sergio, de 6\u00ba A. Puedes encontrar m\u00e1s informaci\u00f3n, im\u00e1genes y todas las colaboraciones por cursos en la <a href=\"https:\/\/www.aulastic.com\/tallerderadio\/\" target=\"_blank\">web del Taller de Radio<\/a>.<\/p>\n","protected":false},"excerpt":{"rendered":"<p>El pasado 3 de noviembre se emiti\u00f3 el primer programa de radio de este curso, dedicado en esta ocasi\u00f3n a las costumbres y tradiciones. Te invitamos a escucharlo.<\/p>\n","protected":false},"author":1,"featured_media":654,"comment_status":"open","ping_status":"closed","sticky":false,"template":"","format":"standard","meta":{"footnotes":""},"categories":[8,13],"tags":[86,85,87],"class_list":["post-653","post","type-post","status-publish","format-standard","has-post-thumbnail","hentry","category-proyectos","category-taller-de-radio","tag-costumbres","tag-programa-1","tag-tradiciones"],"_links":{"self":[{"href":"https:\/\/www.colegiosanfelix.com\/web\/index.php\/wp-json\/wp\/v2\/posts\/653","targetHints":{"allow":["GET"]}}],"collection":[{"href":"https:\/\/www.colegiosanfelix.com\/web\/index.php\/wp-json\/wp\/v2\/posts"}],"about":[{"href":"https:\/\/www.colegiosanfelix.com\/web\/index.php\/wp-json\/wp\/v2\/types\/post"}],"author":[{"embeddable":true,"href":"https:\/\/www.colegiosanfelix.com\/web\/index.php\/wp-json\/wp\/v2\/users\/1"}],"replies":[{"embeddable":true,"href":"https:\/\/www.colegiosanfelix.com\/web\/index.php\/wp-json\/wp\/v2\/comments?post=653"}],"version-history":[{"count":0,"href":"https:\/\/www.colegiosanfelix.com\/web\/index.php\/wp-json\/wp\/v2\/posts\/653\/revisions"}],"wp:featuredmedia":[{"embeddable":true,"href":"https:\/\/www.colegiosanfelix.com\/web\/index.php\/wp-json\/wp\/v2\/media\/654"}],"wp:attachment":[{"href":"https:\/\/www.colegiosanfelix.com\/web\/index.php\/wp-json\/wp\/v2\/media?parent=653"}],"wp:term":[{"taxonomy":"category","embeddable":true,"href":"https:\/\/www.colegiosanfelix.com\/web\/index.php\/wp-json\/wp\/v2\/categories?post=653"},{"taxonomy":"post_tag","embeddable":true,"href":"https:\/\/www.colegiosanfelix.com\/web\/index.php\/wp-json\/wp\/v2\/tags?post=653"}],"curies":[{"name":"wp","href":"https:\/\/api.w.org\/{rel}","templated":true}]}}