{"id":728,"date":"2015-11-24T14:12:25","date_gmt":"2015-11-24T12:12:25","guid":{"rendered":"https:\/\/www.colegiosanfelix.com\/web\/?p=728"},"modified":"2015-11-25T10:14:44","modified_gmt":"2015-11-25T08:14:44","slug":"visita-a-la-furta","status":"publish","type":"post","link":"https:\/\/www.colegiosanfelix.com\/web\/index.php\/2015\/11\/24\/visita-a-la-furta\/","title":{"rendered":"Visita a La Furta"},"content":{"rendered":"<p><img decoding=\"async\" class=\"alignnone size-full wp-image-730\" src=\"https:\/\/www.colegiosanfelix.com\/web\/wp-content\/uploads\/2015\/11\/furta02.jpg\" alt=\"furta02\" width=\"720\" height=\"340\" srcset=\"https:\/\/www.colegiosanfelix.com\/web\/wp-content\/uploads\/2015\/11\/furta02.jpg 720w, https:\/\/www.colegiosanfelix.com\/web\/wp-content\/uploads\/2015\/11\/furta02-300x142.jpg 300w, https:\/\/www.colegiosanfelix.com\/web\/wp-content\/uploads\/2015\/11\/furta02-520x245.jpg 520w\" sizes=\"(max-width: 720px) 100vw, 720px\" \/><\/p>\n<p>El humedal de La Furta est\u00e1 situado en el concejo de Corvera, entre Nubledo y el complejo industrial de Dupont.<\/p>\n<p><img decoding=\"async\" class=\"alignnone size-full wp-image-732\" src=\"https:\/\/www.colegiosanfelix.com\/web\/wp-content\/uploads\/2015\/11\/furta01.jpg\" alt=\"furta01\" width=\"720\" height=\"409\" srcset=\"https:\/\/www.colegiosanfelix.com\/web\/wp-content\/uploads\/2015\/11\/furta01.jpg 720w, https:\/\/www.colegiosanfelix.com\/web\/wp-content\/uploads\/2015\/11\/furta01-300x170.jpg 300w\" sizes=\"(max-width: 720px) 100vw, 720px\" \/><\/p>\n<p>Este espacio natural es un conocido lugar de paso, cr\u00eda y descanso de muchas aves. Tambi\u00e9n pueden observarse otras especies como anfibios, peces y mam\u00edferos como la nutria.<\/p>\n<p>La Furta es un ejemplo de ecosistema de la zona baja de Asturias, con lugares como el bosque y el humedal, dos espacios en los que se pueden aprender muchas cosas.<\/p>\n<p><img decoding=\"async\" class=\"alignnone size-full wp-image-731\" src=\"https:\/\/www.colegiosanfelix.com\/web\/wp-content\/uploads\/2015\/11\/furta03.jpg\" alt=\"furta03\" width=\"720\" height=\"332\" srcset=\"https:\/\/www.colegiosanfelix.com\/web\/wp-content\/uploads\/2015\/11\/furta03.jpg 720w, https:\/\/www.colegiosanfelix.com\/web\/wp-content\/uploads\/2015\/11\/furta03-300x138.jpg 300w\" sizes=\"(max-width: 720px) 100vw, 720px\" \/><\/p>\n<p>Puedes ver los reportajes publicados en los blogs de aula de <a href=\"http:\/\/aulastic.com\/blogs2\/aulaabierta\/category\/fotos\/la-furta\/\" target=\"_blank\">3\u00ba A<\/a> y <a href=\"http:\/\/aulastic.com\/blogs2\/conectados\/2015\/11\/12\/149\/\" target=\"_blank\">3\u00ba B<\/a>:<\/p>\n","protected":false},"excerpt":{"rendered":"<p>El alumnado de 3\u00ba de primaria visit\u00f3 el humedal de La Furta, en Corvera.<\/p>\n","protected":false},"author":1,"featured_media":730,"comment_status":"open","ping_status":"closed","sticky":false,"template":"","format":"standard","meta":{"footnotes":""},"categories":[11],"tags":[98,99,97],"class_list":["post-728","post","type-post","status-publish","format-standard","has-post-thumbnail","hentry","category-salidas","tag-corvera","tag-humedal","tag-la-furta"],"_links":{"self":[{"href":"https:\/\/www.colegiosanfelix.com\/web\/index.php\/wp-json\/wp\/v2\/posts\/728","targetHints":{"allow":["GET"]}}],"collection":[{"href":"https:\/\/www.colegiosanfelix.com\/web\/index.php\/wp-json\/wp\/v2\/posts"}],"about":[{"href":"https:\/\/www.colegiosanfelix.com\/web\/index.php\/wp-json\/wp\/v2\/types\/post"}],"author":[{"embeddable":true,"href":"https:\/\/www.colegiosanfelix.com\/web\/index.php\/wp-json\/wp\/v2\/users\/1"}],"replies":[{"embeddable":true,"href":"https:\/\/www.colegiosanfelix.com\/web\/index.php\/wp-json\/wp\/v2\/comments?post=728"}],"version-history":[{"count":0,"href":"https:\/\/www.colegiosanfelix.com\/web\/index.php\/wp-json\/wp\/v2\/posts\/728\/revisions"}],"wp:featuredmedia":[{"embeddable":true,"href":"https:\/\/www.colegiosanfelix.com\/web\/index.php\/wp-json\/wp\/v2\/media\/730"}],"wp:attachment":[{"href":"https:\/\/www.colegiosanfelix.com\/web\/index.php\/wp-json\/wp\/v2\/media?parent=728"}],"wp:term":[{"taxonomy":"category","embeddable":true,"href":"https:\/\/www.colegiosanfelix.com\/web\/index.php\/wp-json\/wp\/v2\/categories?post=728"},{"taxonomy":"post_tag","embeddable":true,"href":"https:\/\/www.colegiosanfelix.com\/web\/index.php\/wp-json\/wp\/v2\/tags?post=728"}],"curies":[{"name":"wp","href":"https:\/\/api.w.org\/{rel}","templated":true}]}}