{"id":785,"date":"2015-12-05T00:27:02","date_gmt":"2015-12-04T22:27:02","guid":{"rendered":"https:\/\/www.colegiosanfelix.com\/web\/?p=785"},"modified":"2015-12-05T22:32:19","modified_gmt":"2015-12-05T20:32:19","slug":"la-lluvia-en-el-desierto","status":"publish","type":"post","link":"https:\/\/www.colegiosanfelix.com\/web\/index.php\/2015\/12\/05\/la-lluvia-en-el-desierto\/","title":{"rendered":"La lluvia en el desierto"},"content":{"rendered":"<p>Hoy hemos tenido la visita de las familias de acogida de ni\u00f1os y ni\u00f1as saharauis en los concejos de Carre\u00f1o y Goz\u00f3n. Nos han contado c\u00f3mo viven en el desierto y las consecuencias de las \u00faltimas lluvias que han dejado sin hogar a centenares de personas. Tambi\u00e9n nos han pedido que hagamos unos dibujos para que reflexionemos sobre esta terrible situaci\u00f3n. No olvidemos que, ya de entrada, una gran parte de saharauis viven en Tinduf (Argelia) como refugiados, porque su propio territorio ha sido ocupado por otro pa\u00eds, Marruecos. No dejes de leer m\u00e1s informaci\u00f3n acerca de la situaci\u00f3n que se vive en el S\u00e1hara:\u00a0<a href=\"http:\/\/www.elmundo.es\/especiales\/2009\/06\/internacional\/sahara\/index.html\">Voces del S\u00e1hara<\/a><\/p>\n<p>&nbsp;<\/p>\n\n\t\t<style>\n\t\t\t#gallery-1 {\n\t\t\t\tmargin: auto;\n\t\t\t}\n\t\t\t#gallery-1 .gallery-item {\n\t\t\t\tfloat: left;\n\t\t\t\tmargin-top: 10px;\n\t\t\t\ttext-align: center;\n\t\t\t\twidth: 33%;\n\t\t\t}\n\t\t\t#gallery-1 img {\n\t\t\t\tborder: 2px solid #cfcfcf;\n\t\t\t}\n\t\t\t#gallery-1 .gallery-caption {\n\t\t\t\tmargin-left: 0;\n\t\t\t}\n\t\t\t\/* see gallery_shortcode() in wp-includes\/media.php *\/\n\t\t<\/style>\n\t\t<div id='gallery-1' class='gallery galleryid-785 gallery-columns-3 gallery-size-thumbnail'><dl class='gallery-item'>\n\t\t\t<dt class='gallery-icon landscape'>\n\t\t\t\t<a href='https:\/\/www.colegiosanfelix.com\/web\/wp-content\/uploads\/2015\/12\/20151204_113910_resized.jpg' title=\"\" data-rl_title=\"\" class=\"rl-gallery-link\" data-rl_caption=\"\" data-rel=\"lightbox-gallery-1\"><img decoding=\"async\" width=\"150\" height=\"150\" src=\"https:\/\/www.colegiosanfelix.com\/web\/wp-content\/uploads\/2015\/12\/20151204_113910_resized-150x150.jpg\" class=\"attachment-thumbnail size-thumbnail no-lazy\" alt=\"\" srcset=\"https:\/\/www.colegiosanfelix.com\/web\/wp-content\/uploads\/2015\/12\/20151204_113910_resized-150x150.jpg 150w, https:\/\/www.colegiosanfelix.com\/web\/wp-content\/uploads\/2015\/12\/20151204_113910_resized-160x160.jpg 160w, https:\/\/www.colegiosanfelix.com\/web\/wp-content\/uploads\/2015\/12\/20151204_113910_resized-320x320.jpg 320w\" sizes=\"(max-width: 150px) 100vw, 150px\" \/><\/a>\n\t\t\t<\/dt><\/dl><dl class='gallery-item'>\n\t\t\t<dt class='gallery-icon landscape'>\n\t\t\t\t<a href='https:\/\/www.colegiosanfelix.com\/web\/wp-content\/uploads\/2015\/12\/20151204_113906_resized.jpg' title=\"\" data-rl_title=\"\" class=\"rl-gallery-link\" data-rl_caption=\"\" data-rel=\"lightbox-gallery-1\"><img decoding=\"async\" width=\"150\" height=\"150\" src=\"https:\/\/www.colegiosanfelix.com\/web\/wp-content\/uploads\/2015\/12\/20151204_113906_resized-150x150.jpg\" class=\"attachment-thumbnail size-thumbnail no-lazy\" alt=\"\" srcset=\"https:\/\/www.colegiosanfelix.com\/web\/wp-content\/uploads\/2015\/12\/20151204_113906_resized-150x150.jpg 150w, https:\/\/www.colegiosanfelix.com\/web\/wp-content\/uploads\/2015\/12\/20151204_113906_resized-160x160.jpg 160w, https:\/\/www.colegiosanfelix.com\/web\/wp-content\/uploads\/2015\/12\/20151204_113906_resized-320x320.jpg 320w\" sizes=\"(max-width: 150px) 100vw, 150px\" \/><\/a>\n\t\t\t<\/dt><\/dl><dl class='gallery-item'>\n\t\t\t<dt class='gallery-icon landscape'>\n\t\t\t\t<a href='https:\/\/www.colegiosanfelix.com\/web\/wp-content\/uploads\/2015\/12\/20151204_113844_resized.jpg' title=\"\" data-rl_title=\"\" class=\"rl-gallery-link\" data-rl_caption=\"\" data-rel=\"lightbox-gallery-1\"><img decoding=\"async\" width=\"150\" height=\"150\" src=\"https:\/\/www.colegiosanfelix.com\/web\/wp-content\/uploads\/2015\/12\/20151204_113844_resized-150x150.jpg\" class=\"attachment-thumbnail size-thumbnail no-lazy\" alt=\"\" srcset=\"https:\/\/www.colegiosanfelix.com\/web\/wp-content\/uploads\/2015\/12\/20151204_113844_resized-150x150.jpg 150w, https:\/\/www.colegiosanfelix.com\/web\/wp-content\/uploads\/2015\/12\/20151204_113844_resized-160x160.jpg 160w, https:\/\/www.colegiosanfelix.com\/web\/wp-content\/uploads\/2015\/12\/20151204_113844_resized-320x320.jpg 320w\" sizes=\"(max-width: 150px) 100vw, 150px\" \/><\/a>\n\t\t\t<\/dt><\/dl><br style=\"clear: both\" \/>\n\t\t<\/div>\n\n","protected":false},"excerpt":{"rendered":"<p>Hoy hemos tenido la visita de las familias de acogida de ni\u00f1os y ni\u00f1as saharauis en los concejos de Carre\u00f1o y Goz\u00f3n.<\/p>\n","protected":false},"author":1,"featured_media":789,"comment_status":"open","ping_status":"closed","sticky":false,"template":"","format":"standard","meta":{"footnotes":""},"categories":[7],"tags":[113,112,111],"class_list":["post-785","post","type-post","status-publish","format-standard","has-post-thumbnail","hentry","category-noticias","tag-ayuda","tag-desierto","tag-sahara"],"_links":{"self":[{"href":"https:\/\/www.colegiosanfelix.com\/web\/index.php\/wp-json\/wp\/v2\/posts\/785","targetHints":{"allow":["GET"]}}],"collection":[{"href":"https:\/\/www.colegiosanfelix.com\/web\/index.php\/wp-json\/wp\/v2\/posts"}],"about":[{"href":"https:\/\/www.colegiosanfelix.com\/web\/index.php\/wp-json\/wp\/v2\/types\/post"}],"author":[{"embeddable":true,"href":"https:\/\/www.colegiosanfelix.com\/web\/index.php\/wp-json\/wp\/v2\/users\/1"}],"replies":[{"embeddable":true,"href":"https:\/\/www.colegiosanfelix.com\/web\/index.php\/wp-json\/wp\/v2\/comments?post=785"}],"version-history":[{"count":0,"href":"https:\/\/www.colegiosanfelix.com\/web\/index.php\/wp-json\/wp\/v2\/posts\/785\/revisions"}],"wp:featuredmedia":[{"embeddable":true,"href":"https:\/\/www.colegiosanfelix.com\/web\/index.php\/wp-json\/wp\/v2\/media\/789"}],"wp:attachment":[{"href":"https:\/\/www.colegiosanfelix.com\/web\/index.php\/wp-json\/wp\/v2\/media?parent=785"}],"wp:term":[{"taxonomy":"category","embeddable":true,"href":"https:\/\/www.colegiosanfelix.com\/web\/index.php\/wp-json\/wp\/v2\/categories?post=785"},{"taxonomy":"post_tag","embeddable":true,"href":"https:\/\/www.colegiosanfelix.com\/web\/index.php\/wp-json\/wp\/v2\/tags?post=785"}],"curies":[{"name":"wp","href":"https:\/\/api.w.org\/{rel}","templated":true}]}}